{"id":95,"count":1,"description":"","link":"https:\/\/www.artemrede.pt\/pt_pt\/staff-position\/responsavel-de-producao\/","name":"Respons\u00e1vel de Produ\u00e7\u00e3o","slug":"responsavel-de-producao","taxonomy":"staff_position","meta":[],"_links":{"self":[{"href":"https:\/\/www.artemrede.pt\/pt_pt\/wp-json\/wp\/v2\/staff_position\/95","targetHints":{"allow":["GET"]}}],"collection":[{"href":"https:\/\/www.artemrede.pt\/pt_pt\/wp-json\/wp\/v2\/staff_position"}],"about":[{"href":"https:\/\/www.artemrede.pt\/pt_pt\/wp-json\/wp\/v2\/taxonomies\/staff_position"}],"wp:post_type":[{"href":"https:\/\/www.artemrede.pt\/pt_pt\/wp-json\/wp\/v2\/wm_staff?staff_position=95"}],"curies":[{"name":"wp","href":"https:\/\/api.w.org\/{rel}","templated":true}]}}