{"id":98,"count":1,"description":"","link":"https:\/\/www.artemrede.pt\/pt_pt\/staff-department\/criacao-artistica\/","name":"Cria\u00e7\u00e3o art\u00edstica","slug":"criacao-artistica","taxonomy":"staff_department","parent":0,"meta":[],"_links":{"self":[{"href":"https:\/\/www.artemrede.pt\/pt_pt\/wp-json\/wp\/v2\/staff_department\/98","targetHints":{"allow":["GET"]}}],"collection":[{"href":"https:\/\/www.artemrede.pt\/pt_pt\/wp-json\/wp\/v2\/staff_department"}],"about":[{"href":"https:\/\/www.artemrede.pt\/pt_pt\/wp-json\/wp\/v2\/taxonomies\/staff_department"}],"wp:post_type":[{"href":"https:\/\/www.artemrede.pt\/pt_pt\/wp-json\/wp\/v2\/wm_staff?staff_department=98"}],"curies":[{"name":"wp","href":"https:\/\/api.w.org\/{rel}","templated":true}]}}