{"id":3716,"date":"2024-01-03T14:20:48","date_gmt":"2024-01-03T14:20:48","guid":{"rendered":"https:\/\/www.artemrede.pt\/?p=3716"},"modified":"2024-01-09T18:11:16","modified_gmt":"2024-01-09T18:11:16","slug":"jam-recrutamento","status":"publish","type":"post","link":"https:\/\/www.artemrede.pt\/pt_pt\/2024\/01\/03\/jam-recrutamento\/","title":{"rendered":"JAM! Projeto incr\u00edvel procura Gestor(a) para tr\u00eas anos de mudan\u00e7a."},"content":{"rendered":"\n\n\t<h2><strong><img loading=\"lazy\" decoding=\"async\" src=\"https:\/\/static.xx.fbcdn.net\/images\/emoji.php\/v9\/tc0\/1\/16\/1f30e.png\" alt=\"\ud83c\udf0e\" width=\"16\" height=\"16\" \/> JAM! Iniciativa incr\u00edvel procura Gestor(a) de Projeto para tr\u00eas anos de mudan\u00e7a <img decoding=\"async\" role=\"img\" draggable=\"false\" src=\"https:\/\/s.w.org\/images\/core\/emoji\/14.0.0\/svg\/1f481-1f3fd-200d-2640-fe0f.svg\" alt=\"\ud83d\udc81\ud83c\udffd\u200d\u2640\ufe0f\" \/><\/strong><\/h2>\n<h2><img loading=\"lazy\" decoding=\"async\" src=\"https:\/\/static.xx.fbcdn.net\/images\/emoji.php\/v9\/t40\/1\/16\/1f4a5.png\" alt=\"\ud83d\udca5\" width=\"16\" height=\"16\" \/> RECRUTAMENTO <img loading=\"lazy\" decoding=\"async\" src=\"https:\/\/static.xx.fbcdn.net\/images\/emoji.php\/v9\/t40\/1\/16\/1f4a5.png\" alt=\"\ud83d\udca5\" width=\"16\" height=\"16\" \/><\/h2>\n<img loading=\"lazy\" decoding=\"async\" src=\"https:\/\/static.xx.fbcdn.net\/images\/emoji.php\/v9\/t51\/1\/16\/1f449.png\" alt=\"\ud83d\udc49\" width=\"16\" height=\"16\" \/> INICIATIVA <strong>JAM!<\/strong> JUVENTUDE + ARTES = MUDAN\u00c7A <img loading=\"lazy\" decoding=\"async\" src=\"https:\/\/static.xx.fbcdn.net\/images\/emoji.php\/v9\/td0\/1\/16\/1f448.png\" alt=\"\ud83d\udc48\" width=\"16\" height=\"16\" \/>\nJAM! (Juventude + Artes = Mudan\u00e7a) \u00e9 uma iniciativa coordenada pela Artemrede em articula\u00e7\u00e3o com os munic\u00edpios de Abrantes, Alcanena, Santar\u00e9m, Sobral de Monte Agra\u00e7o e Tomar, e com a parceria\/financiamento da Funda\u00e7\u00e3o Calouste Gulbenkian. Tem a dura\u00e7\u00e3o de tr\u00eas anos (2024-2026). Pretende\u00a0<strong>fomentar o desenvolvimento de projetos criativos e inovadores, propostos e concretizados por jovens de territ\u00f3rios vulner\u00e1veis, relevantes para as comunidades onde estes se inserem<\/strong>. Para alcan\u00e7ar este objetivo, a iniciativa vai desenvolver um amplo programa de\u00a0<strong>capacita\u00e7\u00e3o e de mentoria<\/strong>, assim como apoiar\u00a0<strong>financeira e operacionalmente<\/strong>\u00a0a viabiliza\u00e7\u00e3o dos projetos.\n\t\t\t\t<img loading=\"lazy\" decoding=\"async\" src=\"https:\/\/www.artemrede.pt\/wp-content\/uploads\/2023\/11\/Screenshot-2023-11-06-at-10.35.34.png\" alt=\"Screenshot 2023-11-06 at 10.35.34\" itemprop=\"image\" height=\"766\" width=\"908\" title=\"Screenshot 2023-11-06 at 10.35.34\" onerror=\"this.style.display='none'\"  \/>\nEsta iniciativa quer mobilizar jovens entre os 18 e os 25 anos, residentes nos territ\u00f3rios abrangidos ou com alguma liga\u00e7\u00e3o (familiar, profissional) a esses territ\u00f3rios. S\u00e3o jovens com perfis sociais, culturais e econ\u00f3micos distintos, mas ser\u00e1 dada preval\u00eancia aos que estejam em situa\u00e7\u00e3o de desvantagem social e econ\u00f3mica. JAM! promove o encontro entre diferentes percursos, idades e compet\u00eancias.\n.\n\u00a0 \u00a0 \u00a0 \u00a0 \u00a0______________\n<strong><br \/>\nA Artemrede procura um(a) Gestor(a) de Projeto que seja entusiasta, focado(a) e positivo(a) para tr\u00eas anos de experi\u00eancia inovadora e comprometida com o futuro (Iniciativa JAM! in\u00edcio = Mar\u00e7o 2024)<\/strong>.<br \/>\n<br \/>\n.\u00a0 \u00a0 \u00a0 \u00a0 \u00a0______________\n.\nPrincipais desafios da fun\u00e7\u00e3o:\n.\n<ul>\n<li>Coordenar o processo de trabalho com as equipas municipais e a produ\u00e7\u00e3o executiva das atividades.<\/li>\n<li>Acompanhar o processo de forma\u00e7\u00e3o dos jovens participantes.<\/li>\n<li>Mediar o processo de trabalho entre os parceiros e as comunidades.<\/li>\n<li>Agilizar e propor a cria\u00e7\u00e3o de novas parcerias e redes de colabora\u00e7\u00e3o.<\/li>\n<li>Apoiar e monitorizar a gest\u00e3o dos novos projetos selecionados (dos participantes).<\/li>\n<li>Identificar e gerir os diferentes stakeholders, riscos e meios da iniciativa.<\/li>\n<li>Articular as quest\u00f5es de comunica\u00e7\u00e3o e divulga\u00e7\u00e3o com a equipa de Comunica\u00e7\u00e3o da Artemrede.<\/li>\n<li>Garantir a gest\u00e3o financeira e administrativa da iniciativa em constante di\u00e1logo com a equipa executiva da Artemrede.<\/li>\n<li>Cumprir o or\u00e7amento e o plano de trabalhos anual.<\/li>\n<\/ul>\n<p>.\u00a0 \u00a0 \u00a0 \u00a0 ______________<\/p>\n.<br \/>\nPrincipais compet\u00eancias esperadas no desempenho da fun\u00e7\u00e3o:\n<p>&nbsp;<\/p>\n<ol>\n<li>Colabora\u00e7\u00e3o e trabalho em equipa: trabalhar bem com os outros e atingir um objetivo comum. Construir rela\u00e7\u00f5es, resolver conflitos e criar um ambiente de trabalho onde todos se sintam inclu\u00eddos, respeitados e tenham espa\u00e7o transparente para participar.<\/li>\n<li>Comunica\u00e7\u00e3o: comunicar ideias a outros de forma clara, ter uma atitude amig\u00e1vel e confiante, respeitar os outros pontos de vista, ouvir de forma ativa, e conforto em falar em p\u00fablico, adaptando o estilo e mensagem a cada contexto.<\/li>\n<li>Resolu\u00e7\u00e3o de problemas: ativar pensamento cr\u00edtico, tomada de decis\u00f5es, criatividade e processamento de informa\u00e7\u00e3o. Abordar problemas com uma abordagem sistem\u00e1tica que permita dividir os problemas dif\u00edceis em partes mais pequenas e mais f\u00e1ceis de gerir.<\/li>\n<li>Organiza\u00e7\u00e3o: gerir o tempo de forma eficaz, priorizar tarefas de acordo com a sua import\u00e2ncia e urg\u00eancia, definir objetivos pr\u00f3prios e desenvolver sistemas para atingir esses objetivos.<\/li>\n<li>Adaptabilidade: compet\u00eancias e <em>mindset<\/em> para se adaptar a novas situa\u00e7\u00f5es e alterar as suas a\u00e7\u00f5es em fun\u00e7\u00e3o das necessidades. Privilegiar o pensamento estrat\u00e9gico (macro) e ter uma mente aberta quando perante obst\u00e1culos, e manter o equil\u00edbrio entre as dimens\u00f5es racional e emocional.<\/li>\n<li>Planifica\u00e7\u00e3o: a capacidade de definir, no \u00e2mbito e no tempo, e gerir atividades com sucesso, com a ajuda de quaisquer recursos dispon\u00edveis, para atingir objetivos espec\u00edficos.<\/li>\n<\/ol>\nA Artemrede e a iniciativa JAM! valorizam adicionalmente no Gestor(a) (condi\u00e7\u00f5es n\u00e3o exclusivas):\n.\n<ul>\n<li>Experi\u00eancia em projetos art\u00edsticos e\/ou sociais com a comunidade<\/li>\n<li>Experi\u00eancia de trabalho em territ\u00f3rios vulner\u00e1veis<\/li>\n<li>Experi\u00eancia nas \u00e1reas de produ\u00e7\u00e3o e\/ou media\u00e7\u00e3o e\/ou gest\u00e3o cultural<\/li>\n<li>Ser residente num dos territ\u00f3rios ou pr\u00f3ximo<\/li>\n<\/ul>\n<p>\u00c9 obrigat\u00f3rio ter interesse e motiva\u00e7\u00e3o para trabalhar com jovens entre os 18 e os 25 anos, e carta de condu\u00e7\u00e3o + viatura.<\/p>\n.<br \/>\n.\u00a0 \u00a0 \u00a0 \u00a0______________<br \/>\n.\n<p>Principais condi\u00e7\u00f5es da fun\u00e7\u00e3o:<\/p>\n<ul>\n<li>Tipo de v\u00ednculo: contrato de Trabalho a Termo certo &#8211; 3 anos (mar\u00e7o de 2024 a fevereiro de 2027)<\/li>\n<li>Remunera\u00e7\u00e3o Base Il\u00edquida: 1.500,00\u20ac (x14 meses\/ano) + Subs\u00eddio de alimenta\u00e7\u00e3o (x 12 meses\/ano)<\/li>\n<li>Local de Trabalho:<br \/>\n1. regime h\u00edbrido = escrit\u00f3rio da Artemrede (Santar\u00e9m) + remotamente, e<br \/>\n2. nos munic\u00edpios envolvidos<\/li>\n<li>Carga hor\u00e1ria: 30 horas\/semana<\/li>\n<li>Hor\u00e1rio: flex\u00edvel, de acordo com as atividades de projeto (incluindo fins-de-semana, se necess\u00e1rio)<\/li>\n<li>As despesas de desloca\u00e7\u00e3o no contexto da atividade laboral s\u00e3o asseguradas pelo(a) pr\u00f3prio(a).<\/li>\n<\/ul>\n<p>.\u00a0 \u00a0 \u00a0 \u00a0 \u00a0______________<\/p>\nCANDIDATURAS e PROCESSO DE SELE\u00c7\u00c3O:\n.\n<strong>| Prazo para candidatura:<\/strong> At\u00e9 22 de janeiro de 2024 | 19H00 (GMT)\n<strong>| Forma de candidatura:<\/strong> envio de CV para <a href=\"mailto:jam@artemrede.pt\">jam@artemrede.pt<\/a>. Possibilidade de partilha de v\u00eddeo (at\u00e9 3 minutos), indicando apresenta\u00e7\u00e3o de perfil e motiva\u00e7\u00e3o (n\u00e3o obrigat\u00f3rio).\n<strong>| Processo de sele\u00e7\u00e3o:<\/strong> an\u00e1lise de CV (at\u00e9 25 de janeiro de 2024) + Entrevista (a ocorrer de 5 a 9 de fevereiro de 2024, presencialmente em Santar\u00e9m, por agendamento pr\u00e9vio)\nTodas as candidaturas ter\u00e3o resposta at\u00e9 dia 16 de fevereiro de 2024, por email. Para qualquer quest\u00e3o no contexto da iniciativa JAM! a equipa Artemrede est\u00e1 dispon\u00edvel atrav\u00e9s do email <a href=\"mailto:jam@artemrede.pt\">jam@artemrede.pt<\/a>.\n<img loading=\"lazy\" decoding=\"async\" src=\"https:\/\/static.xx.fbcdn.net\/images\/emoji.php\/v9\/t51\/1\/16\/1f449.png\" alt=\"\ud83d\udc49\" width=\"16\" height=\"16\" \/> INICIATIVA <strong>JAM!<\/strong> JUVENTUDE + ARTES = MUDAN\u00c7A <img loading=\"lazy\" decoding=\"async\" src=\"https:\/\/static.xx.fbcdn.net\/images\/emoji.php\/v9\/td0\/1\/16\/1f448.png\" alt=\"\ud83d\udc48\" width=\"16\" height=\"16\" \/>\n\n","protected":false},"excerpt":{"rendered":"<div class=\"entry-summary\">\n<div class=\"entry-summary\">\nJAM! Iniciativa incr\u00edvel procura Gestor(a) de Projeto para tr\u00eas anos de mudan\u00e7a RECRUTAMENTO INICIATIVA JAM! JUVENTUDE + ARTES = MUDAN\u00c7A JAM! (Juventude + Artes = Mudan\u00e7a) \u00e9 uma iniciativa coordenada pela Artemrede em articula\u00e7\u00e3o com os munic\u00edpios de Abrantes, Alcanena,&hellip;\n<\/div>\n<div class=\"link-more\"><a href=\"https:\/\/www.artemrede.pt\/pt_pt\/2024\/01\/03\/jam-recrutamento\/\" class=\"more-link\">Continuar a ler<span class=\"screen-reader-text\"> &ldquo;JAM! Projeto incr\u00edvel procura Gestor(a) para tr\u00eas anos de mudan\u00e7a.&rdquo;<\/span>&hellip;<\/a><\/div>\n<\/div>\n<div class=\"link-more\"><a href=\"https:\/\/www.artemrede.pt\/pt_pt\/2024\/01\/03\/jam-recrutamento\/\" class=\"more-link\">Continuar a ler<span class=\"screen-reader-text\"> &ldquo;JAM! Projeto incr\u00edvel procura Gestor(a) para tr\u00eas anos de mudan\u00e7a.&rdquo;<\/span>&hellip;<\/a><\/div>\n","protected":false},"author":2,"featured_media":3717,"comment_status":"closed","ping_status":"closed","sticky":false,"template":"templates\/no-intro.php","format":"standard","meta":{"om_disable_all_campaigns":false,"_monsterinsights_skip_tracking":false,"_monsterinsights_sitenote_active":false,"_monsterinsights_sitenote_note":"","_monsterinsights_sitenote_category":0,"footnotes":""},"categories":[106,1],"tags":[],"class_list":["post-3716","post","type-post","status-publish","format-standard","has-post-thumbnail","hentry","category-projetos-coop","category-sem-categoria","entry"],"aioseo_notices":[],"uagb_featured_image_src":{"full":["https:\/\/www.artemrede.pt\/wp-content\/uploads\/2023\/11\/jovens_900x600.jpeg",900,600,false],"thumbnail":["https:\/\/www.artemrede.pt\/wp-content\/uploads\/2023\/11\/jovens_900x600-480x270.jpeg",480,270,true],"medium":["https:\/\/www.artemrede.pt\/wp-content\/uploads\/2023\/11\/jovens_900x600-744x496.jpeg",744,496,true],"medium_large":["https:\/\/www.artemrede.pt\/wp-content\/uploads\/2023\/11\/jovens_900x600.jpeg",900,600,false],"large":["https:\/\/www.artemrede.pt\/wp-content\/uploads\/2023\/11\/jovens_900x600.jpeg",900,600,false],"1536x1536":["https:\/\/www.artemrede.pt\/wp-content\/uploads\/2023\/11\/jovens_900x600.jpeg",900,600,false],"2048x2048":["https:\/\/www.artemrede.pt\/wp-content\/uploads\/2023\/11\/jovens_900x600.jpeg",900,600,false],"trp-custom-language-flag":["https:\/\/www.artemrede.pt\/wp-content\/uploads\/2023\/11\/jovens_900x600-18x12.jpeg",18,12,true],"icelander-thumbnail":["https:\/\/www.artemrede.pt\/wp-content\/uploads\/2023\/11\/jovens_900x600-744x372.jpeg",744,372,true],"icelander-square":["https:\/\/www.artemrede.pt\/wp-content\/uploads\/2023\/11\/jovens_900x600-448x448.jpeg",448,448,true],"icelander-intro":["https:\/\/www.artemrede.pt\/wp-content\/uploads\/2023\/11\/jovens_900x600.jpeg",900,600,false]},"uagb_author_info":{"display_name":"Bruno Castro","author_link":"https:\/\/www.artemrede.pt\/pt_pt\/author\/artred_bruno\/"},"uagb_comment_info":0,"uagb_excerpt":"JAM! Iniciativa incr\u00edvel procura Gestor(a) de Projeto para tr\u00eas anos de mudan\u00e7a RECRUTAMENTO INICIATIVA JAM! JUVENTUDE + ARTES = MUDAN\u00c7A JAM! (Juventude + Artes = Mudan\u00e7a) \u00e9 uma iniciativa coordenada pela Artemrede em articula\u00e7\u00e3o com os munic\u00edpios de Abrantes, Alcanena,&hellip; Continuar a ler &ldquo;JAM! Projeto incr\u00edvel procura Gestor(a) para tr\u00eas anos de mudan\u00e7a.&rdquo;&hellip;","_links":{"self":[{"href":"https:\/\/www.artemrede.pt\/pt_pt\/wp-json\/wp\/v2\/posts\/3716","targetHints":{"allow":["GET"]}}],"collection":[{"href":"https:\/\/www.artemrede.pt\/pt_pt\/wp-json\/wp\/v2\/posts"}],"about":[{"href":"https:\/\/www.artemrede.pt\/pt_pt\/wp-json\/wp\/v2\/types\/post"}],"author":[{"embeddable":true,"href":"https:\/\/www.artemrede.pt\/pt_pt\/wp-json\/wp\/v2\/users\/2"}],"replies":[{"embeddable":true,"href":"https:\/\/www.artemrede.pt\/pt_pt\/wp-json\/wp\/v2\/comments?post=3716"}],"version-history":[{"count":11,"href":"https:\/\/www.artemrede.pt\/pt_pt\/wp-json\/wp\/v2\/posts\/3716\/revisions"}],"predecessor-version":[{"id":3799,"href":"https:\/\/www.artemrede.pt\/pt_pt\/wp-json\/wp\/v2\/posts\/3716\/revisions\/3799"}],"wp:featuredmedia":[{"embeddable":true,"href":"https:\/\/www.artemrede.pt\/pt_pt\/wp-json\/wp\/v2\/media\/3717"}],"wp:attachment":[{"href":"https:\/\/www.artemrede.pt\/pt_pt\/wp-json\/wp\/v2\/media?parent=3716"}],"wp:term":[{"taxonomy":"category","embeddable":true,"href":"https:\/\/www.artemrede.pt\/pt_pt\/wp-json\/wp\/v2\/categories?post=3716"},{"taxonomy":"post_tag","embeddable":true,"href":"https:\/\/www.artemrede.pt\/pt_pt\/wp-json\/wp\/v2\/tags?post=3716"}],"curies":[{"name":"wp","href":"https:\/\/api.w.org\/{rel}","templated":true}]}}