{"id":3004,"date":"2022-01-12T10:58:00","date_gmt":"2022-01-12T10:58:00","guid":{"rendered":"https:\/\/www.artemrede.pt\/?p=3004"},"modified":"2022-01-14T11:05:26","modified_gmt":"2022-01-14T11:05:26","slug":"stronger-peripheries-segue","status":"publish","type":"post","link":"https:\/\/www.artemrede.pt\/pt_pt\/2022\/01\/12\/stronger-peripheries-segue\/","title":{"rendered":"Stronger Peripheries segue com Semin\u00e1rio Internacional"},"content":{"rendered":"\n<img loading=\"lazy\" decoding=\"async\" src=\"https:\/\/www.artemrede.pt\/wp-content\/uploads\/2022\/01\/WhatsApp-Image-2022-01-13-at-09.50.15.jpeg\" alt=\"WhatsApp Image 2022-01-13 at 09.50.15\" itemprop=\"image\" height=\"1500\" width=\"2000\" title=\"WhatsApp Image 2022-01-13 at 09.50.15\" onerror=\"this.style.display='none'\">\n\t\t\t\t<img decoding=\"async\" src=\"https:\/\/www.artemrede.pt\/wp-content\/plugins\/beaver-builder-lite-version\/img\/pixel.png\" alt=\"\" itemprop=\"image\" onerror=\"this.style.display='none'\">\n\t<h2>&#8220;Towards fairer international cultural cooperation: visions from the peripheries&#8221;<\/h2>\n\u00c9 em Barcelona que acontece o primeiro Semin\u00e1rio internacional do projeto Stronger Peripheries: A Southern Coalition. \u00c9 acolhido pelo pela Universidade de Barcelona e tem por t\u00edtulo &#8220;Towards fairer cultural international cooperation: visions from the peripheries&#8221;.\nO evento conta com dezenas de profissionais da Europa e Am\u00e9rica Latina para discutir coopera\u00e7\u00e3o internacional mais justa e respons\u00e1vel.\n<img loading=\"lazy\" decoding=\"async\" src=\"https:\/\/static.xx.fbcdn.net\/images\/emoji.php\/v9\/tc8\/1\/16\/1f440.png\" alt=\"\ud83d\udc40\" width=\"16\" height=\"16\"> Podem seguir o evento online atrav\u00e9s do Youtube, em <a tabindex=\"0\" role=\"link\" href=\"https:\/\/l.facebook.com\/l.php?u=https%3A%2F%2Fbit.ly%2F3EygsPk%3Ffbclid%3DIwAR0DfWS7WcPbqKFmG90GxWF2zKnLTkaQoRHntgv8JPmCCoP4YXgclsioFRA&amp;h=AT3Nn7XxuD9Yjs8XXu7NpBSeulXTYW6Yr-cVauGC2qpXFqOFFj3oeSAlo2MWYUH4qy7p5qMD1sJgHmurNmGjub_6oIj6nYLW-Wo5z8iJSP0a6z3Qq9n5XQDhVjgOMYsK8XoU5O8&amp;__tn__=-UK-R&amp;c[0]=AT38D4LT8opEAyHmyoqgEL0feSuC_SdlyvFeFObCXqS7bib-pjN-R_o3-pF5-Rl6zsMp_vaYi1hG9sOg1EuD8L99ZDo4Y8kbMnSs67b7dcUJIa1VzryaQ5-4RiOj934qNCA86_Sax84U2-DmITxFr6cAlZqZDQDr3FSpoJIFoaJqtHZGZU3GW4CyRn10tlTQjRKBpA\" target=\"_blank\" rel=\"nofollow noopener\">https:\/\/bit.ly\/3EygsPk<\/a>. <img loading=\"lazy\" decoding=\"async\" src=\"https:\/\/static.xx.fbcdn.net\/images\/emoji.php\/v9\/tc8\/1\/16\/1f440.png\" alt=\"\ud83d\udc40\" width=\"16\" height=\"16\">\n<img loading=\"lazy\" decoding=\"async\" src=\"https:\/\/static.xx.fbcdn.net\/images\/emoji.php\/v9\/t51\/1\/16\/1f449.png\" alt=\"\ud83d\udc49\" width=\"16\" height=\"16\"> Tudo tudo sobre tr\u00eas dias incr\u00edveis em <a tabindex=\"0\" role=\"link\" href=\"https:\/\/bit.ly\/3H5hp3h?fbclid=IwAR3P_haxttfIOsjHjTyLYsRoz_eRyLltOOoFtkkFMdBQ-qua4-0c1aRLej0\" target=\"_blank\" rel=\"nofollow noopener\">https:\/\/bit.ly\/3H5hp3h<\/a>!\n<p>&nbsp;<\/p>\n\n\t\t\t\t<img loading=\"lazy\" decoding=\"async\" src=\"https:\/\/www.artemrede.pt\/wp-content\/uploads\/2022\/01\/20220113_113251-480x270.jpg\" alt=\"20220113_113251\" itemprop=\"image\" height=\"270\" width=\"480\" title=\"20220113_113251\" onerror=\"this.style.display='none'\">\n\t\t\t\t<img loading=\"lazy\" decoding=\"async\" src=\"https:\/\/www.artemrede.pt\/wp-content\/uploads\/2022\/01\/20220113_161248-480x270.jpg\" alt=\"20220113_161248\" itemprop=\"image\" height=\"270\" width=\"480\" title=\"20220113_161248\" onerror=\"this.style.display='none'\">\n\t\t\t\t<img loading=\"lazy\" decoding=\"async\" src=\"https:\/\/www.artemrede.pt\/wp-content\/uploads\/2022\/01\/20220113_155441-480x270.jpg\" alt=\"20220113_155441\" itemprop=\"image\" height=\"270\" width=\"480\" title=\"20220113_155441\" onerror=\"this.style.display='none'\">\n\t\t\t\t<img loading=\"lazy\" decoding=\"async\" src=\"https:\/\/www.artemrede.pt\/wp-content\/uploads\/2022\/01\/IMG-20220113-WA0012-480x270.jpg\" alt=\"IMG-20220113-WA0012\" itemprop=\"image\" height=\"270\" width=\"480\" title=\"IMG-20220113-WA0012\" onerror=\"this.style.display='none'\">\n\t\t\t\t<img loading=\"lazy\" decoding=\"async\" src=\"https:\/\/www.artemrede.pt\/wp-content\/uploads\/2022\/01\/20220113_172031-480x270.jpg\" alt=\"20220113_172031\" itemprop=\"image\" height=\"270\" width=\"480\" title=\"20220113_172031\" onerror=\"this.style.display='none'\">\n\t\t\t\t<img loading=\"lazy\" decoding=\"async\" src=\"https:\/\/www.artemrede.pt\/wp-content\/uploads\/2022\/01\/20220113_153801-480x270.jpg\" alt=\"20220113_153801\" itemprop=\"image\" height=\"270\" width=\"480\" title=\"20220113_153801\" onerror=\"this.style.display='none'\">\n","protected":false},"excerpt":{"rendered":"<div class=\"entry-summary\">\n<div class=\"entry-summary\">\n&#8220;Towards fairer international cultural cooperation: visions from the peripheries&#8221; \u00c9 em Barcelona que acontece o primeiro Semin\u00e1rio internacional do projeto Stronger Peripheries: A Southern Coalition. \u00c9 acolhido pelo pela Universidade de Barcelona e tem por t\u00edtulo &#8220;Towards fairer cultural international&hellip;\n<\/div>\n<div class=\"link-more\"><a href=\"https:\/\/www.artemrede.pt\/pt_pt\/2022\/01\/12\/stronger-peripheries-segue\/\" class=\"more-link\">Continuar a ler<span class=\"screen-reader-text\"> &ldquo;Stronger Peripheries segue com Semin\u00e1rio Internacional&rdquo;<\/span>&hellip;<\/a><\/div>\n<\/div>\n<div class=\"link-more\"><a href=\"https:\/\/www.artemrede.pt\/pt_pt\/2022\/01\/12\/stronger-peripheries-segue\/\" class=\"more-link\">Continuar a ler<span class=\"screen-reader-text\"> &ldquo;Stronger Peripheries segue com Semin\u00e1rio Internacional&rdquo;<\/span>&hellip;<\/a><\/div>\n","protected":false},"author":2,"featured_media":3008,"comment_status":"closed","ping_status":"closed","sticky":false,"template":"templates\/no-intro.php","format":"standard","meta":{"om_disable_all_campaigns":false,"_monsterinsights_skip_tracking":false,"_monsterinsights_sitenote_active":false,"_monsterinsights_sitenote_note":"","_monsterinsights_sitenote_category":0,"footnotes":""},"categories":[106,1],"tags":[],"class_list":["post-3004","post","type-post","status-publish","format-standard","has-post-thumbnail","hentry","category-projetos-coop","category-sem-categoria","entry"],"aioseo_notices":[],"uagb_featured_image_src":{"full":["https:\/\/www.artemrede.pt\/wp-content\/uploads\/2022\/01\/WhatsApp-Image-2022-01-13-at-09.50.15.jpeg",2000,1500,false],"thumbnail":["https:\/\/www.artemrede.pt\/wp-content\/uploads\/2022\/01\/WhatsApp-Image-2022-01-13-at-09.50.15-480x270.jpeg",480,270,true],"medium":["https:\/\/www.artemrede.pt\/wp-content\/uploads\/2022\/01\/WhatsApp-Image-2022-01-13-at-09.50.15-744x558.jpeg",744,558,true],"medium_large":["https:\/\/www.artemrede.pt\/wp-content\/uploads\/2022\/01\/WhatsApp-Image-2022-01-13-at-09.50.15-1200x900.jpeg",1200,900,true],"large":["https:\/\/www.artemrede.pt\/wp-content\/uploads\/2022\/01\/WhatsApp-Image-2022-01-13-at-09.50.15-1200x900.jpeg",1200,900,true],"1536x1536":["https:\/\/www.artemrede.pt\/wp-content\/uploads\/2022\/01\/WhatsApp-Image-2022-01-13-at-09.50.15-1536x1152.jpeg",1536,1152,true],"2048x2048":["https:\/\/www.artemrede.pt\/wp-content\/uploads\/2022\/01\/WhatsApp-Image-2022-01-13-at-09.50.15.jpeg",2000,1500,false],"trp-custom-language-flag":["https:\/\/www.artemrede.pt\/wp-content\/uploads\/2022\/01\/WhatsApp-Image-2022-01-13-at-09.50.15-16x12.jpeg",16,12,true],"icelander-thumbnail":["https:\/\/www.artemrede.pt\/wp-content\/uploads\/2022\/01\/WhatsApp-Image-2022-01-13-at-09.50.15-744x372.jpeg",744,372,true],"icelander-square":["https:\/\/www.artemrede.pt\/wp-content\/uploads\/2022\/01\/WhatsApp-Image-2022-01-13-at-09.50.15-448x448.jpeg",448,448,true],"icelander-intro":["https:\/\/www.artemrede.pt\/wp-content\/uploads\/2022\/01\/WhatsApp-Image-2022-01-13-at-09.50.15-1920x1080.jpeg",1920,1080,true]},"uagb_author_info":{"display_name":"Bruno Castro","author_link":"https:\/\/www.artemrede.pt\/pt_pt\/author\/artred_bruno\/"},"uagb_comment_info":0,"uagb_excerpt":"&#8220;Towards fairer international cultural cooperation: visions from the peripheries&#8221; \u00c9 em Barcelona que acontece o primeiro Semin\u00e1rio internacional do projeto Stronger Peripheries: A Southern Coalition. \u00c9 acolhido pelo pela Universidade de Barcelona e tem por t\u00edtulo &#8220;Towards fairer cultural international&hellip; Continuar a ler &ldquo;Stronger Peripheries segue com Semin\u00e1rio Internacional&rdquo;&hellip;","_links":{"self":[{"href":"https:\/\/www.artemrede.pt\/pt_pt\/wp-json\/wp\/v2\/posts\/3004","targetHints":{"allow":["GET"]}}],"collection":[{"href":"https:\/\/www.artemrede.pt\/pt_pt\/wp-json\/wp\/v2\/posts"}],"about":[{"href":"https:\/\/www.artemrede.pt\/pt_pt\/wp-json\/wp\/v2\/types\/post"}],"author":[{"embeddable":true,"href":"https:\/\/www.artemrede.pt\/pt_pt\/wp-json\/wp\/v2\/users\/2"}],"replies":[{"embeddable":true,"href":"https:\/\/www.artemrede.pt\/pt_pt\/wp-json\/wp\/v2\/comments?post=3004"}],"version-history":[{"count":4,"href":"https:\/\/www.artemrede.pt\/pt_pt\/wp-json\/wp\/v2\/posts\/3004\/revisions"}],"predecessor-version":[{"id":3016,"href":"https:\/\/www.artemrede.pt\/pt_pt\/wp-json\/wp\/v2\/posts\/3004\/revisions\/3016"}],"wp:featuredmedia":[{"embeddable":true,"href":"https:\/\/www.artemrede.pt\/pt_pt\/wp-json\/wp\/v2\/media\/3008"}],"wp:attachment":[{"href":"https:\/\/www.artemrede.pt\/pt_pt\/wp-json\/wp\/v2\/media?parent=3004"}],"wp:term":[{"taxonomy":"category","embeddable":true,"href":"https:\/\/www.artemrede.pt\/pt_pt\/wp-json\/wp\/v2\/categories?post=3004"},{"taxonomy":"post_tag","embeddable":true,"href":"https:\/\/www.artemrede.pt\/pt_pt\/wp-json\/wp\/v2\/tags?post=3004"}],"curies":[{"name":"wp","href":"https:\/\/api.w.org\/{rel}","templated":true}]}}