{"id":2768,"date":"2021-07-16T15:09:27","date_gmt":"2021-07-16T15:09:27","guid":{"rendered":"https:\/\/www.artemrede.pt\/?p=2768"},"modified":"2021-08-16T15:46:37","modified_gmt":"2021-08-16T15:46:37","slug":"stronger-peripheries-arranca","status":"publish","type":"post","link":"https:\/\/www.artemrede.pt\/pt_pt\/2021\/07\/16\/stronger-peripheries-arranca\/","title":{"rendered":"Stronger Peripheries arranca com Media\u00e7\u00e3o Cultural"},"content":{"rendered":"\n\n\t\t\t\t<img loading=\"lazy\" decoding=\"async\" src=\"https:\/\/www.artemrede.pt\/wp-content\/uploads\/2021\/07\/DSC_7358-scaled.jpg\" alt=\"DSC_7358\" itemprop=\"image\" height=\"1703\" width=\"2560\" title=\"DSC_7358\" onerror=\"this.style.display='none'\"  \/>\n\t\t\t\t<img decoding=\"async\" src=\"https:\/\/www.artemrede.pt\/wp-content\/plugins\/beaver-builder-lite-version\/img\/pixel.png\" alt=\"\" itemprop=\"image\" onerror=\"this.style.display='none'\"  \/>\n\t<h2><strong>O novo projeto liderado pela Artemrede concretiza as primeiras iniciativas presenciais<\/strong><\/h2>\n<p>Os primeiros eventos aconteceram em junho e julho em Portugal (Torres Vedras e Lisboa) e Cro\u00e1cia (Zagreb). Parceiros de 10 pa\u00edses do Mediterr\u00e2neo e Balc\u00e3s trocaram boas pr\u00e1ticas, conheceram outros projetos e discutiram o presente e o futuro da media\u00e7\u00e3o cultural.<\/p>\nStronger Peripheries \u00e9 liderado pela Artemrede e co-financiado pelo programa Europa Criativa\n<p>&nbsp;<\/p>\n\n\t\t\t\t<img loading=\"lazy\" decoding=\"async\" src=\"https:\/\/www.artemrede.pt\/wp-content\/uploads\/2021\/07\/208867254_4059457360789141_4727838000283829767_n.jpeg\" alt=\"208867254_4059457360789141_4727838000283829767_n\" itemprop=\"image\" height=\"1363\" width=\"2048\" title=\"208867254_4059457360789141_4727838000283829767_n\" onerror=\"this.style.display='none'\"  \/>\n\t\t\t\t<img loading=\"lazy\" decoding=\"async\" src=\"https:\/\/www.artemrede.pt\/wp-content\/uploads\/2021\/07\/209695552_4059455067456037_8965823320409281713_n.jpeg\" alt=\"209695552_4059455067456037_8965823320409281713_n\" itemprop=\"image\" height=\"1363\" width=\"2048\" title=\"209695552_4059455067456037_8965823320409281713_n\" onerror=\"this.style.display='none'\"  \/>\n\t\t\t\t<img loading=\"lazy\" decoding=\"async\" src=\"https:\/\/www.artemrede.pt\/wp-content\/uploads\/2021\/07\/208451053_4059453644122846_2901295986773913444_n.jpeg\" alt=\"208451053_4059453644122846_2901295986773913444_n\" itemprop=\"image\" height=\"1363\" width=\"2048\" title=\"208451053_4059453644122846_2901295986773913444_n\" onerror=\"this.style.display='none'\"  \/>\n\t\t\t\t<img loading=\"lazy\" decoding=\"async\" src=\"https:\/\/www.artemrede.pt\/wp-content\/uploads\/2021\/07\/DSC_8170-scaled.jpg\" alt=\"DSC_8170\" itemprop=\"image\" height=\"1703\" width=\"2560\" title=\"DSC_8170\" onerror=\"this.style.display='none'\"  \/>\n\t\t\t\t<img loading=\"lazy\" decoding=\"async\" src=\"https:\/\/www.artemrede.pt\/wp-content\/uploads\/2021\/07\/209227386_4059453647456179_8344318238504101559_n.jpeg\" alt=\"209227386_4059453647456179_8344318238504101559_n\" itemprop=\"image\" height=\"1363\" width=\"2048\" title=\"209227386_4059453647456179_8344318238504101559_n\" onerror=\"this.style.display='none'\"  \/>\n\t\t\t\t<img loading=\"lazy\" decoding=\"async\" src=\"https:\/\/www.artemrede.pt\/wp-content\/uploads\/2021\/07\/DSC_8266-scaled.jpg\" alt=\"DSC_8266\" itemprop=\"image\" height=\"1703\" width=\"2560\" title=\"DSC_8266\" onerror=\"this.style.display='none'\"  \/>\n\n","protected":false},"excerpt":{"rendered":"<div class=\"entry-summary\">\n<div class=\"entry-summary\">\nO novo projeto liderado pela Artemrede concretiza as primeiras iniciativas presenciais Os primeiros eventos aconteceram em junho e julho em Portugal (Torres Vedras e Lisboa) e Cro\u00e1cia (Zagreb). Parceiros de 10 pa\u00edses do Mediterr\u00e2neo e Balc\u00e3s trocaram boas pr\u00e1ticas, conheceram&hellip;\n<\/div>\n<div class=\"link-more\"><a href=\"https:\/\/www.artemrede.pt\/pt_pt\/2021\/07\/16\/stronger-peripheries-arranca\/\" class=\"more-link\">Continuar a ler<span class=\"screen-reader-text\"> &ldquo;Stronger Peripheries arranca com Media\u00e7\u00e3o Cultural&rdquo;<\/span>&hellip;<\/a><\/div>\n<\/div>\n<div class=\"link-more\"><a href=\"https:\/\/www.artemrede.pt\/pt_pt\/2021\/07\/16\/stronger-peripheries-arranca\/\" class=\"more-link\">Continuar a ler<span class=\"screen-reader-text\"> &ldquo;Stronger Peripheries arranca com Media\u00e7\u00e3o Cultural&rdquo;<\/span>&hellip;<\/a><\/div>\n","protected":false},"author":2,"featured_media":2778,"comment_status":"closed","ping_status":"closed","sticky":false,"template":"templates\/no-intro.php","format":"standard","meta":{"om_disable_all_campaigns":false,"_monsterinsights_skip_tracking":false,"_monsterinsights_sitenote_active":false,"_monsterinsights_sitenote_note":"","_monsterinsights_sitenote_category":0,"footnotes":""},"categories":[106,1],"tags":[],"class_list":["post-2768","post","type-post","status-publish","format-standard","has-post-thumbnail","hentry","category-projetos-coop","category-sem-categoria","entry"],"aioseo_notices":[],"uagb_featured_image_src":{"full":["https:\/\/www.artemrede.pt\/wp-content\/uploads\/2021\/07\/209202620_4059461014122109_3731022888738784909_n.jpeg",2048,1363,false],"thumbnail":["https:\/\/www.artemrede.pt\/wp-content\/uploads\/2021\/07\/209202620_4059461014122109_3731022888738784909_n-480x270.jpeg",480,270,true],"medium":["https:\/\/www.artemrede.pt\/wp-content\/uploads\/2021\/07\/209202620_4059461014122109_3731022888738784909_n-744x495.jpeg",744,495,true],"medium_large":["https:\/\/www.artemrede.pt\/wp-content\/uploads\/2021\/07\/209202620_4059461014122109_3731022888738784909_n-1200x799.jpeg",1200,799,true],"large":["https:\/\/www.artemrede.pt\/wp-content\/uploads\/2021\/07\/209202620_4059461014122109_3731022888738784909_n-1200x799.jpeg",1200,799,true],"1536x1536":["https:\/\/www.artemrede.pt\/wp-content\/uploads\/2021\/07\/209202620_4059461014122109_3731022888738784909_n-1536x1022.jpeg",1536,1022,true],"2048x2048":["https:\/\/www.artemrede.pt\/wp-content\/uploads\/2021\/07\/209202620_4059461014122109_3731022888738784909_n.jpeg",2048,1363,false],"trp-custom-language-flag":["https:\/\/www.artemrede.pt\/wp-content\/uploads\/2021\/07\/209202620_4059461014122109_3731022888738784909_n-16x12.jpeg",16,12,true],"icelander-thumbnail":["https:\/\/www.artemrede.pt\/wp-content\/uploads\/2021\/07\/209202620_4059461014122109_3731022888738784909_n-744x372.jpeg",744,372,true],"icelander-square":["https:\/\/www.artemrede.pt\/wp-content\/uploads\/2021\/07\/209202620_4059461014122109_3731022888738784909_n-448x448.jpeg",448,448,true],"icelander-intro":["https:\/\/www.artemrede.pt\/wp-content\/uploads\/2021\/07\/209202620_4059461014122109_3731022888738784909_n-1920x1080.jpeg",1920,1080,true]},"uagb_author_info":{"display_name":"Bruno Castro","author_link":"https:\/\/www.artemrede.pt\/pt_pt\/author\/artred_bruno\/"},"uagb_comment_info":0,"uagb_excerpt":"O novo projeto liderado pela Artemrede concretiza as primeiras iniciativas presenciais Os primeiros eventos aconteceram em junho e julho em Portugal (Torres Vedras e Lisboa) e Cro\u00e1cia (Zagreb). Parceiros de 10 pa\u00edses do Mediterr\u00e2neo e Balc\u00e3s trocaram boas pr\u00e1ticas, conheceram&hellip; Continuar a ler &ldquo;Stronger Peripheries arranca com Media\u00e7\u00e3o Cultural&rdquo;&hellip;","_links":{"self":[{"href":"https:\/\/www.artemrede.pt\/pt_pt\/wp-json\/wp\/v2\/posts\/2768","targetHints":{"allow":["GET"]}}],"collection":[{"href":"https:\/\/www.artemrede.pt\/pt_pt\/wp-json\/wp\/v2\/posts"}],"about":[{"href":"https:\/\/www.artemrede.pt\/pt_pt\/wp-json\/wp\/v2\/types\/post"}],"author":[{"embeddable":true,"href":"https:\/\/www.artemrede.pt\/pt_pt\/wp-json\/wp\/v2\/users\/2"}],"replies":[{"embeddable":true,"href":"https:\/\/www.artemrede.pt\/pt_pt\/wp-json\/wp\/v2\/comments?post=2768"}],"version-history":[{"count":6,"href":"https:\/\/www.artemrede.pt\/pt_pt\/wp-json\/wp\/v2\/posts\/2768\/revisions"}],"predecessor-version":[{"id":2785,"href":"https:\/\/www.artemrede.pt\/pt_pt\/wp-json\/wp\/v2\/posts\/2768\/revisions\/2785"}],"wp:featuredmedia":[{"embeddable":true,"href":"https:\/\/www.artemrede.pt\/pt_pt\/wp-json\/wp\/v2\/media\/2778"}],"wp:attachment":[{"href":"https:\/\/www.artemrede.pt\/pt_pt\/wp-json\/wp\/v2\/media?parent=2768"}],"wp:term":[{"taxonomy":"category","embeddable":true,"href":"https:\/\/www.artemrede.pt\/pt_pt\/wp-json\/wp\/v2\/categories?post=2768"},{"taxonomy":"post_tag","embeddable":true,"href":"https:\/\/www.artemrede.pt\/pt_pt\/wp-json\/wp\/v2\/tags?post=2768"}],"curies":[{"name":"wp","href":"https:\/\/api.w.org\/{rel}","templated":true}]}}