{"id":2229,"date":"2021-01-16T17:46:36","date_gmt":"2021-01-16T17:46:36","guid":{"rendered":"https:\/\/www.artemrede.pt\/?p=2229"},"modified":"2021-02-18T15:19:31","modified_gmt":"2021-02-18T15:19:31","slug":"procura-visionarios","status":"publish","type":"post","link":"https:\/\/www.artemrede.pt\/pt_pt\/2021\/01\/16\/procura-visionarios\/","title":{"rendered":"Procuram-se Vision\u00e1rios!"},"content":{"rendered":"\n\n\t\t\t\t<img loading=\"lazy\" decoding=\"async\" src=\"https:\/\/www.artemrede.pt\/wp-content\/uploads\/2017\/05\/artermrede_logo-projeto_VS_txt-e1596401965962-480x270.png\" alt=\"logotipo projeto visionarios\" itemprop=\"image\" height=\"270\" width=\"480\" title=\"artermrede_logo-projeto_VS_txt\" onerror=\"this.style.display='none'\"  \/>\n\t<p>Quer ser um Vision\u00e1rio? Os vision\u00e1rios s\u00e3o espectadores que aceitam o desafio de escolher uma parte da programa\u00e7\u00e3o cultural do seu concelho.<\/p>\n<p>O projeto Vision\u00e1rios \u00e9 uma iniciativa da Artemrede em parceria com 10 munic\u00edpios. Prop\u00f5e um novo modelo de aproxima\u00e7\u00e3o entre espectadores, artistas e institui\u00e7\u00f5es culturais. Subjacente a ela est\u00e1 a cria\u00e7\u00e3o de uma plataforma de debate que fomenta a livre express\u00e3o, a aprendizagem informal e o empoderamento do espectador, que assume um papel de participa\u00e7\u00e3o ativa nos processos de programa\u00e7\u00e3o.<\/p>\n\n<p>A participa\u00e7\u00e3o \u00e9 gratuita, e destina-se a todos os interessados maiores de 18 anos de idade, que sejam naturais, residam, trabalhem ou estudem nos concelhos onde o projeto est\u00e1 ativo. Os participantes analisam propostas de espet\u00e1culos nacionais e internacionais, discutem as op\u00e7\u00f5es em grupo, e selecionam alguns desses espet\u00e1culos para serem apresentados no seu munic\u00edpio.<\/p>\n\n\n<p>Para saber mais informa\u00e7\u00e3o sobre o processo em cada um dos munic\u00edpios, as equipas dinamizadoras do projeto podem ser contactadas atrav\u00e9s dos emails:<\/p>\n<p>MOITA: forum.cultural.jmf@mail.cm-moita.pt<\/p>\n<p>ALCOBA\u00c7A: cine.teatro@cm-alcobaca.pt<\/p>\n<p>POMBAL: andre.peixoto@cm-pombal.pt<\/p>\n\t<div class=\"epyt-video-wrapper\"><iframe loading=\"lazy\"  id=\"_ytid_76111\"  width=\"1200\" height=\"675\"  data-origwidth=\"1200\" data-origheight=\"675\" src=\"https:\/\/www.youtube.com\/embed\/PTIzE3Owh7Y?enablejsapi=1&autoplay=1&cc_load_policy=0&cc_lang_pref=&iv_load_policy=3&loop=1&playlist=PTIzE3Owh7Y&modestbranding=0&rel=-1&fs=1&playsinline=0&autohide=2&theme=dark&color=red&controls=1&\" class=\"__youtube_prefs__  no-lazyload\" title=\"YouTube player\"  allow=\"accelerometer; autoplay; clipboard-write; encrypted-media; gyroscope; picture-in-picture\" allowfullscreen data-no-lazy=\"1\" data-skipgform_ajax_framebjll=\"\"><\/iframe><\/div>\n\n","protected":false},"excerpt":{"rendered":"<div class=\"entry-summary\">\n<div class=\"entry-summary\">\nQuer ser um Vision\u00e1rio? Os vision\u00e1rios s\u00e3o espectadores que aceitam o desafio de escolher uma parte da programa\u00e7\u00e3o cultural do seu concelho. O projeto Vision\u00e1rios \u00e9 uma iniciativa da Artemrede em parceria com 10 munic\u00edpios. Prop\u00f5e um novo modelo de&hellip;\n<\/div>\n<div class=\"link-more\"><a href=\"https:\/\/www.artemrede.pt\/pt_pt\/2021\/01\/16\/procura-visionarios\/\" class=\"more-link\">Continuar a ler<span class=\"screen-reader-text\"> &ldquo;Procuram-se Vision\u00e1rios!&rdquo;<\/span>&hellip;<\/a><\/div>\n<\/div>\n<div class=\"link-more\"><a href=\"https:\/\/www.artemrede.pt\/pt_pt\/2021\/01\/16\/procura-visionarios\/\" class=\"more-link\">Continuar a ler<span class=\"screen-reader-text\"> &ldquo;Procuram-se Vision\u00e1rios!&rdquo;<\/span>&hellip;<\/a><\/div>\n","protected":false},"author":2,"featured_media":0,"comment_status":"closed","ping_status":"closed","sticky":false,"template":"templates\/no-intro.php","format":"standard","meta":{"om_disable_all_campaigns":false,"_monsterinsights_skip_tracking":false,"_monsterinsights_sitenote_active":false,"_monsterinsights_sitenote_note":"","_monsterinsights_sitenote_category":0,"footnotes":""},"categories":[102,106],"tags":[171],"class_list":["post-2229","post","type-post","status-publish","format-standard","hentry","category-institucional","category-projetos-coop","tag-visionarios","entry"],"aioseo_notices":[],"uagb_featured_image_src":{"full":false,"thumbnail":false,"medium":false,"medium_large":false,"large":false,"1536x1536":false,"2048x2048":false,"trp-custom-language-flag":false,"icelander-thumbnail":false,"icelander-square":false,"icelander-intro":false},"uagb_author_info":{"display_name":"Bruno Castro","author_link":"https:\/\/www.artemrede.pt\/pt_pt\/author\/artred_bruno\/"},"uagb_comment_info":0,"uagb_excerpt":"Quer ser um Vision\u00e1rio? Os vision\u00e1rios s\u00e3o espectadores que aceitam o desafio de escolher uma parte da programa\u00e7\u00e3o cultural do seu concelho. O projeto Vision\u00e1rios \u00e9 uma iniciativa da Artemrede em parceria com 10 munic\u00edpios. Prop\u00f5e um novo modelo de&hellip; Continuar a ler &ldquo;Procuram-se Vision\u00e1rios!&rdquo;&hellip;","_links":{"self":[{"href":"https:\/\/www.artemrede.pt\/pt_pt\/wp-json\/wp\/v2\/posts\/2229","targetHints":{"allow":["GET"]}}],"collection":[{"href":"https:\/\/www.artemrede.pt\/pt_pt\/wp-json\/wp\/v2\/posts"}],"about":[{"href":"https:\/\/www.artemrede.pt\/pt_pt\/wp-json\/wp\/v2\/types\/post"}],"author":[{"embeddable":true,"href":"https:\/\/www.artemrede.pt\/pt_pt\/wp-json\/wp\/v2\/users\/2"}],"replies":[{"embeddable":true,"href":"https:\/\/www.artemrede.pt\/pt_pt\/wp-json\/wp\/v2\/comments?post=2229"}],"version-history":[{"count":7,"href":"https:\/\/www.artemrede.pt\/pt_pt\/wp-json\/wp\/v2\/posts\/2229\/revisions"}],"predecessor-version":[{"id":2239,"href":"https:\/\/www.artemrede.pt\/pt_pt\/wp-json\/wp\/v2\/posts\/2229\/revisions\/2239"}],"wp:attachment":[{"href":"https:\/\/www.artemrede.pt\/pt_pt\/wp-json\/wp\/v2\/media?parent=2229"}],"wp:term":[{"taxonomy":"category","embeddable":true,"href":"https:\/\/www.artemrede.pt\/pt_pt\/wp-json\/wp\/v2\/categories?post=2229"},{"taxonomy":"post_tag","embeddable":true,"href":"https:\/\/www.artemrede.pt\/pt_pt\/wp-json\/wp\/v2\/tags?post=2229"}],"curies":[{"name":"wp","href":"https:\/\/api.w.org\/{rel}","templated":true}]}}