{"id":2207,"date":"2021-02-03T15:52:42","date_gmt":"2021-02-03T15:52:42","guid":{"rendered":"https:\/\/www.artemrede.pt\/?p=2207"},"modified":"2021-02-03T16:04:28","modified_gmt":"2021-02-03T16:04:28","slug":"carta-compromisso-novos","status":"publish","type":"post","link":"https:\/\/www.artemrede.pt\/pt_pt\/2021\/02\/03\/carta-compromisso-novos\/","title":{"rendered":"Carta de Compromisso segue com novos munic\u00edpios"},"content":{"rendered":"\n<h3><strong>Em fevereiro novos munic\u00edpios iniciam a sua viagem at\u00e9 \u00e0 concretiza\u00e7\u00e3o da Carta de Compromisso sobre pol\u00edticas culturais locais. Enquanto no Barreiro ocorre j\u00e1 o workshop com as equipas municipais das diversas \u00e1reas, noutros territ\u00f3rios ser\u00e3o feitas apresenta\u00e7\u00f5es iniciais sobre o processo. \u00c9 a vez dos profissionais de Pombal, Santar\u00e9m, Montemor-o-Novo, Sobral de Monte Agra\u00e7o e Torres Vedras conhecerem o projeto.<\/strong><\/h3>\n<p>Todo a iniciativa Carta de Compromisso pode ser seguida em perman\u00eancia no site <a href=\"http:\/\/www.cultura2030.pt\">Cultura 2030<\/a>.<\/p>\n\t\t\t\t<img loading=\"lazy\" decoding=\"async\" src=\"https:\/\/www.artemrede.pt\/wp-content\/uploads\/2021\/02\/CC_Moita2020-\u00a9-Bruno-Castro-3.jpg\" alt=\"Grupo de profissionais municipais reunidos\" itemprop=\"image\" height=\"1577\" width=\"2362\" title=\"CC_Moita2020 \u00a9 Bruno Castro-3\" onerror=\"this.style.display='none'\">\n","protected":false},"excerpt":{"rendered":"<div class=\"entry-summary\">\n<div class=\"entry-summary\">\nEm fevereiro novos munic\u00edpios iniciam a sua viagem at\u00e9 \u00e0 concretiza\u00e7\u00e3o da Carta de Compromisso sobre pol\u00edticas culturais locais. Enquanto no Barreiro ocorre j\u00e1 o workshop com as equipas municipais das diversas \u00e1reas, noutros territ\u00f3rios ser\u00e3o feitas apresenta\u00e7\u00f5es iniciais sobre&hellip;\n<\/div>\n<div class=\"link-more\"><a href=\"https:\/\/www.artemrede.pt\/pt_pt\/2021\/02\/03\/carta-compromisso-novos\/\" class=\"more-link\">Continuar a ler<span class=\"screen-reader-text\"> &ldquo;Carta de Compromisso segue com novos munic\u00edpios&rdquo;<\/span>&hellip;<\/a><\/div>\n<\/div>\n<div class=\"link-more\"><a href=\"https:\/\/www.artemrede.pt\/pt_pt\/2021\/02\/03\/carta-compromisso-novos\/\" class=\"more-link\">Continuar a ler<span class=\"screen-reader-text\"> &ldquo;Carta de Compromisso segue com novos munic\u00edpios&rdquo;<\/span>&hellip;<\/a><\/div>\n","protected":false},"author":2,"featured_media":2208,"comment_status":"closed","ping_status":"closed","sticky":false,"template":"templates\/no-intro.php","format":"standard","meta":{"om_disable_all_campaigns":false,"_monsterinsights_skip_tracking":false,"_monsterinsights_sitenote_active":false,"_monsterinsights_sitenote_note":"","_monsterinsights_sitenote_category":0,"footnotes":""},"categories":[102,106],"tags":[169,135],"class_list":["post-2207","post","type-post","status-publish","format-standard","has-post-thumbnail","hentry","category-institucional","category-projetos-coop","tag-carta-de-compromisso","tag-compromisso-cultura-2030","entry"],"aioseo_notices":[],"uagb_featured_image_src":{"full":["https:\/\/www.artemrede.pt\/wp-content\/uploads\/2021\/02\/CC_Moita2020-\u00a9-Bruno-Castro-3.jpg",2362,1577,false],"thumbnail":["https:\/\/www.artemrede.pt\/wp-content\/uploads\/2021\/02\/CC_Moita2020-\u00a9-Bruno-Castro-3-480x270.jpg",480,270,true],"medium":["https:\/\/www.artemrede.pt\/wp-content\/uploads\/2021\/02\/CC_Moita2020-\u00a9-Bruno-Castro-3-744x497.jpg",744,497,true],"medium_large":["https:\/\/www.artemrede.pt\/wp-content\/uploads\/2021\/02\/CC_Moita2020-\u00a9-Bruno-Castro-3-1200x801.jpg",1200,801,true],"large":["https:\/\/www.artemrede.pt\/wp-content\/uploads\/2021\/02\/CC_Moita2020-\u00a9-Bruno-Castro-3-1200x801.jpg",1200,801,true],"1536x1536":["https:\/\/www.artemrede.pt\/wp-content\/uploads\/2021\/02\/CC_Moita2020-\u00a9-Bruno-Castro-3-1536x1026.jpg",1536,1026,true],"2048x2048":["https:\/\/www.artemrede.pt\/wp-content\/uploads\/2021\/02\/CC_Moita2020-\u00a9-Bruno-Castro-3-2048x1367.jpg",2048,1367,true],"trp-custom-language-flag":["https:\/\/www.artemrede.pt\/wp-content\/uploads\/2021\/02\/CC_Moita2020-\u00a9-Bruno-Castro-3-16x12.jpg",16,12,true],"icelander-thumbnail":["https:\/\/www.artemrede.pt\/wp-content\/uploads\/2021\/02\/CC_Moita2020-\u00a9-Bruno-Castro-3-744x372.jpg",744,372,true],"icelander-square":["https:\/\/www.artemrede.pt\/wp-content\/uploads\/2021\/02\/CC_Moita2020-\u00a9-Bruno-Castro-3-448x448.jpg",448,448,true],"icelander-intro":["https:\/\/www.artemrede.pt\/wp-content\/uploads\/2021\/02\/CC_Moita2020-\u00a9-Bruno-Castro-3-1920x1080.jpg",1920,1080,true]},"uagb_author_info":{"display_name":"Bruno Castro","author_link":"https:\/\/www.artemrede.pt\/pt_pt\/author\/artred_bruno\/"},"uagb_comment_info":0,"uagb_excerpt":"Em fevereiro novos munic\u00edpios iniciam a sua viagem at\u00e9 \u00e0 concretiza\u00e7\u00e3o da Carta de Compromisso sobre pol\u00edticas culturais locais. Enquanto no Barreiro ocorre j\u00e1 o workshop com as equipas municipais das diversas \u00e1reas, noutros territ\u00f3rios ser\u00e3o feitas apresenta\u00e7\u00f5es iniciais sobre&hellip; Continuar a ler &ldquo;Carta de Compromisso segue com novos munic\u00edpios&rdquo;&hellip;","_links":{"self":[{"href":"https:\/\/www.artemrede.pt\/pt_pt\/wp-json\/wp\/v2\/posts\/2207","targetHints":{"allow":["GET"]}}],"collection":[{"href":"https:\/\/www.artemrede.pt\/pt_pt\/wp-json\/wp\/v2\/posts"}],"about":[{"href":"https:\/\/www.artemrede.pt\/pt_pt\/wp-json\/wp\/v2\/types\/post"}],"author":[{"embeddable":true,"href":"https:\/\/www.artemrede.pt\/pt_pt\/wp-json\/wp\/v2\/users\/2"}],"replies":[{"embeddable":true,"href":"https:\/\/www.artemrede.pt\/pt_pt\/wp-json\/wp\/v2\/comments?post=2207"}],"version-history":[{"count":2,"href":"https:\/\/www.artemrede.pt\/pt_pt\/wp-json\/wp\/v2\/posts\/2207\/revisions"}],"predecessor-version":[{"id":2210,"href":"https:\/\/www.artemrede.pt\/pt_pt\/wp-json\/wp\/v2\/posts\/2207\/revisions\/2210"}],"wp:featuredmedia":[{"embeddable":true,"href":"https:\/\/www.artemrede.pt\/pt_pt\/wp-json\/wp\/v2\/media\/2208"}],"wp:attachment":[{"href":"https:\/\/www.artemrede.pt\/pt_pt\/wp-json\/wp\/v2\/media?parent=2207"}],"wp:term":[{"taxonomy":"category","embeddable":true,"href":"https:\/\/www.artemrede.pt\/pt_pt\/wp-json\/wp\/v2\/categories?post=2207"},{"taxonomy":"post_tag","embeddable":true,"href":"https:\/\/www.artemrede.pt\/pt_pt\/wp-json\/wp\/v2\/tags?post=2207"}],"curies":[{"name":"wp","href":"https:\/\/api.w.org\/{rel}","templated":true}]}}