{"id":4831,"date":"2026-08-31T14:05:44","date_gmt":"2026-08-31T14:05:44","guid":{"rendered":"https:\/\/www.artemrede.pt\/?p=4831"},"modified":"2026-08-31T15:53:12","modified_gmt":"2026-08-31T15:53:12","slug":"lace","status":"publish","type":"post","link":"https:\/\/www.artemrede.pt\/en\/2026\/08\/31\/lace\/","title":{"rendered":"LACE! Laborat\u00f3rio de Artes e Cr\u00edtica Escrita"},"content":{"rendered":"A Artemrede procura jovens adolescentes para uma rela\u00e7\u00e3o mais apurada e consciente as artes performativas. O <strong>LACE &#8211; Laborat\u00f3rio de Artes e Cr\u00edtica Escrita<\/strong> &#8211; cruza o acesso a espet\u00e1culos com a forma\u00e7\u00e3o em pensamento cr\u00edtico e escrita. Inscri\u00e7\u00f5es abertas!\n\t<h2><img loading=\"lazy\" decoding=\"async\" src=\"https:\/\/static.xx.fbcdn.net\/images\/emoji.php\/v9\/t40\/1\/16\/1f4a5.png\" alt=\"\ud83d\udca5\" width=\"16\" height=\"16\" \/> CONVOCAT\u00d3RIA | LACE <img loading=\"lazy\" decoding=\"async\" src=\"https:\/\/static.xx.fbcdn.net\/images\/emoji.php\/v9\/t40\/1\/16\/1f4a5.png\" alt=\"\ud83d\udca5\" width=\"16\" height=\"16\" \/><br \/>\n<img loading=\"lazy\" decoding=\"async\" src=\"https:\/\/static.xx.fbcdn.net\/images\/emoji.php\/v9\/t40\/1\/16\/1f4a5.png\" alt=\"\ud83d\udca5\" width=\"16\" height=\"16\" \/> ALMADA | LISBOA | TORRES VEDRAS <img loading=\"lazy\" decoding=\"async\" src=\"https:\/\/static.xx.fbcdn.net\/images\/emoji.php\/v9\/t40\/1\/16\/1f4a5.png\" alt=\"\ud83d\udca5\" width=\"16\" height=\"16\" \/><\/h2>\n<p><img loading=\"lazy\" decoding=\"async\" src=\"https:\/\/www.artemrede.pt\/wp-content\/uploads\/2026\/08\/26__LACE_camadas-7-744x1052.png\" alt=\"\" width=\"247\" height=\"349\" \/><\/p>\n<p>Gostas de ir ao teatro? Ver dan\u00e7a? Escrever? Ou simplesmente tens opini\u00e3o sobre tudo o que v\u00eas, ouves e sentes?<\/p>\n<p>Ent\u00e3o este laborat\u00f3rio \u00e9 para ti. <img decoding=\"async\" role=\"img\" draggable=\"false\" src=\"https:\/\/s.w.org\/images\/core\/emoji\/17.0.2\/svg\/1f3ad.svg\" alt=\"\ud83c\udfad\" \/>\u270d\ufe0f<img decoding=\"async\" role=\"img\" draggable=\"false\" src=\"https:\/\/s.w.org\/images\/core\/emoji\/17.0.2\/svg\/1f4f1.svg\" alt=\"\ud83d\udcf1\" \/><\/p>\n<p>O LACE &#8211; Laborat\u00f3rio em Artes e Cr\u00edtica Escrita convida jovens a descobrir as artes performativas de uma forma diferente: como participantes ativos, cr\u00edticos e criadores de conte\u00fado.<\/p>\n<p>Ao longo de 10 sess\u00f5es, vais assistir a espet\u00e1culos, debater ideias, experimentar din\u00e2micas de grupo, conhecer diferentes formas de olhar para uma obra art\u00edstica. E aprender a transformar as tuas opini\u00f5es em textos, v\u00eddeos, podcasts e publica\u00e7\u00f5es para redes sociais.<\/p>\nPrecisas ter curiosidade, vontade de participar e disponibilidade para questionar o mundo \u00e0 tua volta. Experi\u00eancia em escrita ou perceber de teatro ou dan\u00e7a n\u00e3o s\u00e3o cruciais.<br \/>\nQueremos saber: <strong>O que viste? <\/strong><strong>O que pensaste? <\/strong><strong>O que te ficou na mem\u00f3ria? <\/strong><strong>O que tens para dizer? <\/strong>Porque cada espet\u00e1culo pode ser visto de muitas formas diferentes. E a tua perspetiva conta.\n<p>No final, integras o projeto editorial <strong>&#8220;Isto Foi o Que Eu Vi&#8221;<\/strong>, partilhando cr\u00edticas, entrevistas, v\u00eddeos e outros conte\u00fados produzidos ao longo do laborat\u00f3rio.<\/p>\n\t\t\t<a href=\"https:\/\/www.artemrede.pt\/en\/lace-inscricao\/\" target=\"_self\">\n\t\t\t\t\t\tINSCREVE-TE AGORA!\n\t\t\t\t\t<\/a>\n\t<p>&nbsp;<\/p>\n<p><img loading=\"lazy\" decoding=\"async\" src=\"https:\/\/www.artemrede.pt\/wp-content\/uploads\/2026\/08\/26__LACE_camadas-09-744x1052.png\" alt=\"\" width=\"224\" height=\"317\" \/><\/p>\n<p>&nbsp;<\/p>\n<p><strong>A<\/strong> <strong>COORDENA\u00c7\u00c3O: SOFIA SOROMENHO<\/strong><\/p>\n<p>O laborat\u00f3rio \u00e9 concebido e conduzido por Sofia Soromenho, cr\u00edtica de dan\u00e7a, diretora de movimento e investigadora. Escreve cr\u00edtica de dan\u00e7a no Jornal de Letras desde 2013 e \u00e9 doutoranda em Dan\u00e7a na Faculdade de Motricidade Humana (Universidade de Lisboa). Foi docente na Escola Superior de Tecnologias e Artes de Lisboa, onde lecionou Treino T\u00e9cnico do Performer e Corpo e Processos de Cria\u00e7\u00e3o.\u00a0 Trabalhou como diretora de movimento em projetos teatrais e como int\u00e9rprete e core\u00f3grafa. Re\u00fane pr\u00e1tica de escrita cr\u00edtica publicada e experi\u00eancia em trabalho pedag\u00f3gico com jovens.<\/p>\n\t<h3 dir=\"auto\">INSCRI\u00c7\u00d5ES e INFORMA\u00c7\u00d5ES:<\/h3>\n.\n<strong>| Forma:<\/strong> preenchimento de formul\u00e1rio para inscri\u00e7\u00e3o (acima)\n.\nPeriodicidade encontros: 10 sess\u00f5es<br \/>\nP\u00fablico alvo: jovens com 15 a 18 anos de idade | Lota\u00e7\u00e3o limitada a 15 participantes por grupo<br \/>\nDura\u00e7\u00e3o do encontro: 1h30 cada encontro\n<p>DATES AND VENUES:<\/p>\n<h4><strong>2026<\/strong><\/h4>\n<p><strong>TORRES VEDRAS<\/strong> | 7 OUT \/ 14 OUT \/ 21 OUT \/ 28 OUT \/ 4 NOV \/ 11 NOV \/ 18 NOV \/ 25 NOV \/ 2 DEZ \/ 9 DEZ<\/p>\nPrazo para inscri\u00e7\u00f5es: At\u00e9 4 de outubro 2026<br \/>\nLocal: Centro de Artes e Criatividade (CAC), das 15:00 \u00e0s 16:30\n<p>.<\/p>\n<p><strong>ALMADA<\/strong> | 29 OUT \/ 5 NOV \/ 12 NOV \/ 19 NOV \/ 26 NOV \/ 3 DEZ \/ 10 DEZ \/ 7 JAN \/ 14 JAN \/ 21 JAN<\/p>\nPrazo para inscri\u00e7\u00f5es: At\u00e9 25 de outubro 2026<br \/>\nLocal: Biblioteca Jos\u00e9 Saramago, Feij\u00f3, das 16:00 \u00e0s 17:30\n<p>.<\/p>\n<h4><strong>2027<\/strong><\/h4>\n<p><strong>LISBOA <\/strong>| 19 JAN \/ 26 JAN \/ 2 FEV \/ 16 FEV \/ 23 FEV \/ 2 MAR \/ 9 MAR \/ 16 MAR \/ 23 MAR \/ 30 MAR<\/p>\nPrazo para inscri\u00e7\u00f5es: At\u00e9 10 de janeiro 2027<br \/>\nLocal: Biblioteca de Marvila, em hor\u00e1rio a definir\n<p>.<\/p>\n<p>________________________<\/p>\n<p>&nbsp;<\/p>\nContactaremos para confirmar a tua inscri\u00e7\u00e3o.<br \/>\nPara qualquer quest\u00e3o relacionada com o LACE, fala com a Clara atrav\u00e9s do email: clara.antunes@artemrede.pt","protected":false},"excerpt":{"rendered":"<div class=\"entry-summary\">\n<div class=\"entry-summary\">\nA Artemrede procura jovens adolescentes para uma rela\u00e7\u00e3o mais apurada e consciente as artes performativas. O LACE \u2013 Laborat\u00f3rio de Artes e Cr\u00edtica Escrita &#8211; cruza o acesso a espet\u00e1culos com a forma\u00e7\u00e3o em pensamento cr\u00edtico e escrita. Inscri\u00e7\u00f5es abertas em Almada, Lisboa e Torres Vedras!\n<\/div>\n<div class=\"link-more\"><a href=\"https:\/\/www.artemrede.pt\/en\/2026\/08\/31\/lace\/\" class=\"more-link\">Continue reading<span class=\"screen-reader-text\"> &ldquo;LACE! Laborat\u00f3rio de Artes e Cr\u00edtica Escrita&rdquo;<\/span>&hellip;<\/a><\/div>\n<\/div>\n<div class=\"link-more\"><a href=\"https:\/\/www.artemrede.pt\/en\/2026\/08\/31\/lace\/\" class=\"more-link\">Continue reading<span class=\"screen-reader-text\"> &ldquo;LACE! Laborat\u00f3rio de Artes e Cr\u00edtica Escrita&rdquo;<\/span>&hellip;<\/a><\/div>","protected":false},"author":2,"featured_media":4832,"comment_status":"closed","ping_status":"closed","sticky":false,"template":"templates\/no-intro.php","format":"standard","meta":{"om_disable_all_campaigns":false,"_monsterinsights_skip_tracking":false,"footnotes":""},"categories":[106,1],"tags":[],"class_list":["post-4831","post","type-post","status-publish","format-standard","has-post-thumbnail","hentry","category-projetos-coop","category-sem-categoria","entry"],"aioseo_notices":[],"uagb_featured_image_src":{"full":["https:\/\/www.artemrede.pt\/wp-content\/uploads\/2026\/08\/26__LACE_composicao_1-scaled.png",1810,2560,false],"thumbnail":["https:\/\/www.artemrede.pt\/wp-content\/uploads\/2026\/08\/26__LACE_composicao_1-480x270.png",480,270,true],"medium":["https:\/\/www.artemrede.pt\/wp-content\/uploads\/2026\/08\/26__LACE_composicao_1-744x1052.png",744,1052,true],"medium_large":["https:\/\/www.artemrede.pt\/wp-content\/uploads\/2026\/08\/26__LACE_composicao_1-1200x1697.png",1200,1697,true],"large":["https:\/\/www.artemrede.pt\/wp-content\/uploads\/2026\/08\/26__LACE_composicao_1-1200x1697.png",1200,1697,true],"1536x1536":["https:\/\/www.artemrede.pt\/wp-content\/uploads\/2026\/08\/26__LACE_composicao_1-1086x1536.png",1086,1536,true],"2048x2048":["https:\/\/www.artemrede.pt\/wp-content\/uploads\/2026\/08\/26__LACE_composicao_1-1448x2048.png",1448,2048,true],"trp-custom-language-flag":["https:\/\/www.artemrede.pt\/wp-content\/uploads\/2026\/08\/26__LACE_composicao_1-8x12.png",8,12,true],"icelander-thumbnail":["https:\/\/www.artemrede.pt\/wp-content\/uploads\/2026\/08\/26__LACE_composicao_1-744x372.png",744,372,true],"icelander-square":["https:\/\/www.artemrede.pt\/wp-content\/uploads\/2026\/08\/26__LACE_composicao_1-448x448.png",448,448,true],"icelander-intro":["https:\/\/www.artemrede.pt\/wp-content\/uploads\/2026\/08\/26__LACE_composicao_1-1920x1080.png",1920,1080,true]},"uagb_author_info":{"display_name":"Bruno Castro","author_link":"https:\/\/www.artemrede.pt\/en\/author\/artred_bruno\/"},"uagb_comment_info":0,"uagb_excerpt":"A Artemrede procura jovens adolescentes para uma rela\u00e7\u00e3o mais apurada e consciente as artes performativas. O LACE \u2013 Laborat\u00f3rio de Artes e Cr\u00edtica Escrita - cruza o acesso a espet\u00e1culos com a forma\u00e7\u00e3o em pensamento cr\u00edtico e escrita. Inscri\u00e7\u00f5es abertas em Almada, Lisboa e Torres Vedras! Continue reading &ldquo;LACE! Laborat\u00f3rio de Artes e Cr\u00edtica Escrita&rdquo;&hellip;","_links":{"self":[{"href":"https:\/\/www.artemrede.pt\/en\/wp-json\/wp\/v2\/posts\/4831","targetHints":{"allow":["GET"]}}],"collection":[{"href":"https:\/\/www.artemrede.pt\/en\/wp-json\/wp\/v2\/posts"}],"about":[{"href":"https:\/\/www.artemrede.pt\/en\/wp-json\/wp\/v2\/types\/post"}],"author":[{"embeddable":true,"href":"https:\/\/www.artemrede.pt\/en\/wp-json\/wp\/v2\/users\/2"}],"replies":[{"embeddable":true,"href":"https:\/\/www.artemrede.pt\/en\/wp-json\/wp\/v2\/comments?post=4831"}],"version-history":[{"count":7,"href":"https:\/\/www.artemrede.pt\/en\/wp-json\/wp\/v2\/posts\/4831\/revisions"}],"predecessor-version":[{"id":4854,"href":"https:\/\/www.artemrede.pt\/en\/wp-json\/wp\/v2\/posts\/4831\/revisions\/4854"}],"wp:featuredmedia":[{"embeddable":true,"href":"https:\/\/www.artemrede.pt\/en\/wp-json\/wp\/v2\/media\/4832"}],"wp:attachment":[{"href":"https:\/\/www.artemrede.pt\/en\/wp-json\/wp\/v2\/media?parent=4831"}],"wp:term":[{"taxonomy":"category","embeddable":true,"href":"https:\/\/www.artemrede.pt\/en\/wp-json\/wp\/v2\/categories?post=4831"},{"taxonomy":"post_tag","embeddable":true,"href":"https:\/\/www.artemrede.pt\/en\/wp-json\/wp\/v2\/tags?post=4831"}],"curies":[{"name":"wp","href":"https:\/\/api.w.org\/{rel}","templated":true}]}}