{"id":4050,"date":"2020-09-25T14:32:01","date_gmt":"2020-09-25T14:32:01","guid":{"rendered":"https:\/\/www.artemrede.pt\/?p=4050"},"modified":"2024-09-25T15:54:59","modified_gmt":"2024-09-25T15:54:59","slug":"call-via","status":"publish","type":"post","link":"https:\/\/www.artemrede.pt\/en\/2020\/09\/25\/call-via\/","title":{"rendered":"VIA\u00a0Candidaturas"},"content":{"rendered":"<p><\/p>","protected":false},"excerpt":{"rendered":"<div class=\"entry-summary\">\n<div class=\"entry-summary\">\nVIA &#8211; Viv\u00eancia Integral Art\u00edstica \u00e9 um projeto dirigido a Cuidadores Informais do Munic\u00edpio de Lisboa, sob a base do \u201cCorpo Ser\u201d e da Dan\u00e7a como movimento de totalidade, criativo e regenerativo, integrando corpo, emo\u00e7\u00f5es e mente.\n<\/div>\n<div class=\"link-more\"><a href=\"https:\/\/www.artemrede.pt\/en\/2020\/09\/25\/call-via\/\" class=\"more-link\">Continue reading<span class=\"screen-reader-text\"> &ldquo;VIA\u00a0Candidaturas&rdquo;<\/span>&hellip;<\/a><\/div>\n<\/div>\n<div class=\"link-more\"><a href=\"https:\/\/www.artemrede.pt\/en\/2020\/09\/25\/call-via\/\" class=\"more-link\">Continue reading<span class=\"screen-reader-text\"> &ldquo;VIA\u00a0Candidaturas&rdquo;<\/span>&hellip;<\/a><\/div>","protected":false},"author":2,"featured_media":4055,"comment_status":"closed","ping_status":"closed","sticky":false,"template":"templates\/no-intro.php","format":"standard","meta":{"om_disable_all_campaigns":false,"_monsterinsights_skip_tracking":false,"_monsterinsights_sitenote_active":false,"_monsterinsights_sitenote_note":"","_monsterinsights_sitenote_category":0,"footnotes":""},"categories":[106,1],"tags":[],"class_list":["post-4050","post","type-post","status-publish","format-standard","has-post-thumbnail","hentry","category-projetos-coop","category-sem-categoria","entry"],"aioseo_notices":[],"uagb_featured_image_src":{"full":["https:\/\/www.artemrede.pt\/wp-content\/uploads\/2024\/09\/289341081_560866355715784_7944909055581870241_n.jpg",2048,1365,false],"thumbnail":["https:\/\/www.artemrede.pt\/wp-content\/uploads\/2024\/09\/289341081_560866355715784_7944909055581870241_n-480x270.jpg",480,270,true],"medium":["https:\/\/www.artemrede.pt\/wp-content\/uploads\/2024\/09\/289341081_560866355715784_7944909055581870241_n-744x496.jpg",744,496,true],"medium_large":["https:\/\/www.artemrede.pt\/wp-content\/uploads\/2024\/09\/289341081_560866355715784_7944909055581870241_n-1200x800.jpg",1200,800,true],"large":["https:\/\/www.artemrede.pt\/wp-content\/uploads\/2024\/09\/289341081_560866355715784_7944909055581870241_n-1200x800.jpg",1200,800,true],"1536x1536":["https:\/\/www.artemrede.pt\/wp-content\/uploads\/2024\/09\/289341081_560866355715784_7944909055581870241_n-1536x1024.jpg",1536,1024,true],"2048x2048":["https:\/\/www.artemrede.pt\/wp-content\/uploads\/2024\/09\/289341081_560866355715784_7944909055581870241_n.jpg",2048,1365,false],"trp-custom-language-flag":["https:\/\/www.artemrede.pt\/wp-content\/uploads\/2024\/09\/289341081_560866355715784_7944909055581870241_n-18x12.jpg",18,12,true],"icelander-thumbnail":["https:\/\/www.artemrede.pt\/wp-content\/uploads\/2024\/09\/289341081_560866355715784_7944909055581870241_n-744x372.jpg",744,372,true],"icelander-square":["https:\/\/www.artemrede.pt\/wp-content\/uploads\/2024\/09\/289341081_560866355715784_7944909055581870241_n-448x448.jpg",448,448,true],"icelander-intro":["https:\/\/www.artemrede.pt\/wp-content\/uploads\/2024\/09\/289341081_560866355715784_7944909055581870241_n-1920x1080.jpg",1920,1080,true]},"uagb_author_info":{"display_name":"Bruno Castro","author_link":"https:\/\/www.artemrede.pt\/en\/author\/artred_bruno\/"},"uagb_comment_info":0,"uagb_excerpt":"VIA - Viv\u00eancia Integral Art\u00edstica \u00e9 um projeto dirigido a Cuidadores Informais do Munic\u00edpio de Lisboa, sob a base do \u201cCorpo Ser\u201d e da Dan\u00e7a como movimento de totalidade, criativo e regenerativo, integrando corpo, emo\u00e7\u00f5es e mente. Continue reading &ldquo;VIA\u00a0Candidaturas&rdquo;&hellip;","_links":{"self":[{"href":"https:\/\/www.artemrede.pt\/en\/wp-json\/wp\/v2\/posts\/4050","targetHints":{"allow":["GET"]}}],"collection":[{"href":"https:\/\/www.artemrede.pt\/en\/wp-json\/wp\/v2\/posts"}],"about":[{"href":"https:\/\/www.artemrede.pt\/en\/wp-json\/wp\/v2\/types\/post"}],"author":[{"embeddable":true,"href":"https:\/\/www.artemrede.pt\/en\/wp-json\/wp\/v2\/users\/2"}],"replies":[{"embeddable":true,"href":"https:\/\/www.artemrede.pt\/en\/wp-json\/wp\/v2\/comments?post=4050"}],"version-history":[{"count":3,"href":"https:\/\/www.artemrede.pt\/en\/wp-json\/wp\/v2\/posts\/4050\/revisions"}],"predecessor-version":[{"id":4066,"href":"https:\/\/www.artemrede.pt\/en\/wp-json\/wp\/v2\/posts\/4050\/revisions\/4066"}],"wp:featuredmedia":[{"embeddable":true,"href":"https:\/\/www.artemrede.pt\/en\/wp-json\/wp\/v2\/media\/4055"}],"wp:attachment":[{"href":"https:\/\/www.artemrede.pt\/en\/wp-json\/wp\/v2\/media?parent=4050"}],"wp:term":[{"taxonomy":"category","embeddable":true,"href":"https:\/\/www.artemrede.pt\/en\/wp-json\/wp\/v2\/categories?post=4050"},{"taxonomy":"post_tag","embeddable":true,"href":"https:\/\/www.artemrede.pt\/en\/wp-json\/wp\/v2\/tags?post=4050"}],"curies":[{"name":"wp","href":"https:\/\/api.w.org\/{rel}","templated":true}]}}