{"id":3074,"date":"2022-02-09T15:58:56","date_gmt":"2022-02-09T15:58:56","guid":{"rendered":"https:\/\/www.artemrede.pt\/?p=3074"},"modified":"2022-02-18T16:00:01","modified_gmt":"2022-02-18T16:00:01","slug":"convocatoria-stronger-peripheries-2","status":"publish","type":"post","link":"https:\/\/www.artemrede.pt\/en\/2022\/02\/09\/convocatoria-stronger-peripheries-2\/","title":{"rendered":"Stronger Peripheries call for proposals open!"},"content":{"rendered":"<img loading=\"lazy\" decoding=\"async\" src=\"https:\/\/www.artemrede.pt\/wp-content\/uploads\/2021\/07\/DSC_7358-scaled.jpg\" alt=\"DSC_7358\" itemprop=\"image\" height=\"1703\" width=\"2560\" title=\"DSC_7358\" onerror=\"this.style.display='none'\"  \/>\n\t\t\t\t<img decoding=\"async\" src=\"https:\/\/www.artemrede.pt\/wp-content\/plugins\/beaver-builder-lite-version\/img\/pixel.png\" alt=\"\" itemprop=\"image\" onerror=\"this.style.display='none'\"  \/>\n\t<h2><strong>Mais um desafio \u00e0 cria\u00e7\u00e3o est\u00e1 lan\u00e7ado a artistas residentes em Portugal<\/strong><\/h2>\n\n<p>At\u00e9<u> 4 MAR 2022, os criadores de artes performativas residentes em Portugal<\/u> podem apresentar-se aos parceiros do projeto.<\/p>\n<p>O objetivo \u00e9 &#8220;co-produzir o trabalho de um artista para desenvolver uma nova cria\u00e7\u00e3o sob um tema aberto, neste caso, &#8220;Having a Voice&#8221;. A convocat\u00f3ria surge no contexto de um <em>tandem<\/em>, a designa\u00e7\u00e3o do projeto para identificar uma parceria entre duas organiza\u00e7\u00f5es, neste caso a Artemrede e a rede catal\u00e3 Transversal. Em Portugal, os parceiro espec\u00edficos desta convocat\u00f3ria s\u00e3o os Munic\u00edpios de Alcoba\u00e7a e Pombal, integrados na Artemrede.<\/p>\n\n<p>S\u00e3o bem-vindos todos os artistas e criadores residentes em Portugal, especialmente nas \u00e1reas de dan\u00e7a, teatro, novo circo e cruzamento disciplinar entre estas.<\/p>\n\n\nStronger Peripheries \u00e9 liderado pela Artemrede e co-financiado pelo programa Europa Criativa e pela Rep\u00fablica Portuguesa &#8211; Cultura \/ Dire\u00e7\u00e3o Geral das Artes.\n\n\t\t\t\t<img loading=\"lazy\" decoding=\"async\" src=\"https:\/\/www.artemrede.pt\/wp-content\/uploads\/2021\/07\/208867254_4059457360789141_4727838000283829767_n.jpeg\" alt=\"208867254_4059457360789141_4727838000283829767_n\" itemprop=\"image\" height=\"1363\" width=\"2048\" title=\"208867254_4059457360789141_4727838000283829767_n\" onerror=\"this.style.display='none'\"  \/>\n\t\t\t\t<img loading=\"lazy\" decoding=\"async\" src=\"https:\/\/www.artemrede.pt\/wp-content\/uploads\/2021\/07\/209695552_4059455067456037_8965823320409281713_n.jpeg\" alt=\"209695552_4059455067456037_8965823320409281713_n\" itemprop=\"image\" height=\"1363\" width=\"2048\" title=\"209695552_4059455067456037_8965823320409281713_n\" onerror=\"this.style.display='none'\"  \/>\n\t\t\t\t<img loading=\"lazy\" decoding=\"async\" src=\"https:\/\/www.artemrede.pt\/wp-content\/uploads\/2021\/07\/208451053_4059453644122846_2901295986773913444_n.jpeg\" alt=\"208451053_4059453644122846_2901295986773913444_n\" itemprop=\"image\" height=\"1363\" width=\"2048\" title=\"208451053_4059453644122846_2901295986773913444_n\" onerror=\"this.style.display='none'\"  \/>\n\t\t\t\t<img loading=\"lazy\" decoding=\"async\" src=\"https:\/\/www.artemrede.pt\/wp-content\/uploads\/2021\/07\/DSC_8170-scaled.jpg\" alt=\"DSC_8170\" itemprop=\"image\" height=\"1703\" width=\"2560\" title=\"DSC_8170\" onerror=\"this.style.display='none'\"  \/>\n\t\t\t\t<img loading=\"lazy\" decoding=\"async\" src=\"https:\/\/www.artemrede.pt\/wp-content\/uploads\/2021\/07\/209227386_4059453647456179_8344318238504101559_n.jpeg\" alt=\"209227386_4059453647456179_8344318238504101559_n\" itemprop=\"image\" height=\"1363\" width=\"2048\" title=\"209227386_4059453647456179_8344318238504101559_n\" onerror=\"this.style.display='none'\"  \/>\n\t\t\t\t<img loading=\"lazy\" decoding=\"async\" src=\"https:\/\/www.artemrede.pt\/wp-content\/uploads\/2021\/07\/DSC_8266-scaled.jpg\" alt=\"DSC_8266\" itemprop=\"image\" height=\"1703\" width=\"2560\" title=\"DSC_8266\" onerror=\"this.style.display='none'\"  \/>","protected":false},"excerpt":{"rendered":"<div class=\"entry-summary\">\n<div class=\"entry-summary\">\nMais um desafio \u00e0 cria\u00e7\u00e3o est\u00e1 lan\u00e7ado a artistas residentes em Portugal At\u00e9 4 MAR 2022, os criadores de artes performativas residentes em Portugal podem apresentar-se aos parceiros do projeto. O objetivo \u00e9 &#8220;co-produzir o trabalho de um artista para&hellip;\n<\/div>\n<div class=\"link-more\"><a href=\"https:\/\/www.artemrede.pt\/en\/2022\/02\/09\/convocatoria-stronger-peripheries-2\/\" class=\"more-link\">Continue reading<span class=\"screen-reader-text\"> &ldquo;Convocat\u00f3ria Stronger Peripheries aberta!&rdquo;<\/span>&hellip;<\/a><\/div>\n<\/div>\n<div class=\"link-more\"><a href=\"https:\/\/www.artemrede.pt\/en\/2022\/02\/09\/convocatoria-stronger-peripheries-2\/\" class=\"more-link\">Continue reading<span class=\"screen-reader-text\"> &ldquo;Convocat\u00f3ria Stronger Peripheries aberta!&rdquo;<\/span>&hellip;<\/a><\/div>","protected":false},"author":2,"featured_media":2778,"comment_status":"closed","ping_status":"closed","sticky":false,"template":"templates\/no-intro.php","format":"standard","meta":{"om_disable_all_campaigns":false,"_monsterinsights_skip_tracking":false,"_monsterinsights_sitenote_active":false,"_monsterinsights_sitenote_note":"","_monsterinsights_sitenote_category":0,"footnotes":""},"categories":[106,1],"tags":[],"class_list":["post-3074","post","type-post","status-publish","format-standard","has-post-thumbnail","hentry","category-projetos-coop","category-sem-categoria","entry"],"aioseo_notices":[],"uagb_featured_image_src":{"full":["https:\/\/www.artemrede.pt\/wp-content\/uploads\/2021\/07\/209202620_4059461014122109_3731022888738784909_n.jpeg",2048,1363,false],"thumbnail":["https:\/\/www.artemrede.pt\/wp-content\/uploads\/2021\/07\/209202620_4059461014122109_3731022888738784909_n-480x270.jpeg",480,270,true],"medium":["https:\/\/www.artemrede.pt\/wp-content\/uploads\/2021\/07\/209202620_4059461014122109_3731022888738784909_n-744x495.jpeg",744,495,true],"medium_large":["https:\/\/www.artemrede.pt\/wp-content\/uploads\/2021\/07\/209202620_4059461014122109_3731022888738784909_n-1200x799.jpeg",1200,799,true],"large":["https:\/\/www.artemrede.pt\/wp-content\/uploads\/2021\/07\/209202620_4059461014122109_3731022888738784909_n-1200x799.jpeg",1200,799,true],"1536x1536":["https:\/\/www.artemrede.pt\/wp-content\/uploads\/2021\/07\/209202620_4059461014122109_3731022888738784909_n-1536x1022.jpeg",1536,1022,true],"2048x2048":["https:\/\/www.artemrede.pt\/wp-content\/uploads\/2021\/07\/209202620_4059461014122109_3731022888738784909_n.jpeg",2048,1363,false],"trp-custom-language-flag":["https:\/\/www.artemrede.pt\/wp-content\/uploads\/2021\/07\/209202620_4059461014122109_3731022888738784909_n-16x12.jpeg",16,12,true],"icelander-thumbnail":["https:\/\/www.artemrede.pt\/wp-content\/uploads\/2021\/07\/209202620_4059461014122109_3731022888738784909_n-744x372.jpeg",744,372,true],"icelander-square":["https:\/\/www.artemrede.pt\/wp-content\/uploads\/2021\/07\/209202620_4059461014122109_3731022888738784909_n-448x448.jpeg",448,448,true],"icelander-intro":["https:\/\/www.artemrede.pt\/wp-content\/uploads\/2021\/07\/209202620_4059461014122109_3731022888738784909_n-1920x1080.jpeg",1920,1080,true]},"uagb_author_info":{"display_name":"Bruno Castro","author_link":"https:\/\/www.artemrede.pt\/en\/author\/artred_bruno\/"},"uagb_comment_info":0,"uagb_excerpt":"Mais um desafio \u00e0 cria\u00e7\u00e3o est\u00e1 lan\u00e7ado a artistas residentes em Portugal At\u00e9 4 MAR 2022, os criadores de artes performativas residentes em Portugal podem apresentar-se aos parceiros do projeto. O objetivo \u00e9 &#8220;co-produzir o trabalho de um artista para&hellip; Continue reading &ldquo;Convocat\u00f3ria Stronger Peripheries aberta!&rdquo;&hellip;","_links":{"self":[{"href":"https:\/\/www.artemrede.pt\/en\/wp-json\/wp\/v2\/posts\/3074","targetHints":{"allow":["GET"]}}],"collection":[{"href":"https:\/\/www.artemrede.pt\/en\/wp-json\/wp\/v2\/posts"}],"about":[{"href":"https:\/\/www.artemrede.pt\/en\/wp-json\/wp\/v2\/types\/post"}],"author":[{"embeddable":true,"href":"https:\/\/www.artemrede.pt\/en\/wp-json\/wp\/v2\/users\/2"}],"replies":[{"embeddable":true,"href":"https:\/\/www.artemrede.pt\/en\/wp-json\/wp\/v2\/comments?post=3074"}],"version-history":[{"count":2,"href":"https:\/\/www.artemrede.pt\/en\/wp-json\/wp\/v2\/posts\/3074\/revisions"}],"predecessor-version":[{"id":3076,"href":"https:\/\/www.artemrede.pt\/en\/wp-json\/wp\/v2\/posts\/3074\/revisions\/3076"}],"wp:featuredmedia":[{"embeddable":true,"href":"https:\/\/www.artemrede.pt\/en\/wp-json\/wp\/v2\/media\/2778"}],"wp:attachment":[{"href":"https:\/\/www.artemrede.pt\/en\/wp-json\/wp\/v2\/media?parent=3074"}],"wp:term":[{"taxonomy":"category","embeddable":true,"href":"https:\/\/www.artemrede.pt\/en\/wp-json\/wp\/v2\/categories?post=3074"},{"taxonomy":"post_tag","embeddable":true,"href":"https:\/\/www.artemrede.pt\/en\/wp-json\/wp\/v2\/tags?post=3074"}],"curies":[{"name":"wp","href":"https:\/\/api.w.org\/{rel}","templated":true}]}}