{"id":3055,"date":"2022-02-03T16:31:18","date_gmt":"2022-02-03T16:31:18","guid":{"rendered":"https:\/\/www.artemrede.pt\/?p=3055"},"modified":"2022-02-03T16:32:55","modified_gmt":"2022-02-03T16:32:55","slug":"novos-orgaos-sociais","status":"publish","type":"post","link":"https:\/\/www.artemrede.pt\/en\/2022\/02\/03\/novos-orgaos-sociais\/","title":{"rendered":"Artemrede tem novos \u00f3rg\u00e3os sociais"},"content":{"rendered":"<img loading=\"lazy\" decoding=\"async\" src=\"https:\/\/www.artemrede.pt\/wp-content\/uploads\/2022\/02\/IMG_20220203_115108-scaled.jpg\" alt=\"IMG_20220203_115108\" itemprop=\"image\" height=\"1280\" width=\"2560\" title=\"IMG_20220203_115108\" onerror=\"this.style.display='none'\">\nPara desafios renovados, novos rostos. A Assembleia Geral da Artemrede reuniu hoje para elei\u00e7\u00e3o de novos \u00f3rg\u00e3os sociais e apresenta\u00e7\u00e3o do Plano de Atividades e Or\u00e7amento para 2022. Foram eleitos, por unanimidade, novos \u00f3rg\u00e3os sociais que coordenar\u00e3o a associa\u00e7\u00e3o nos pr\u00f3ximos dois anos. A composi\u00e7\u00e3o para 2022 e 2023 \u00e9:\n<strong>Dire\u00e7\u00e3o<\/strong>\nPresid\u00eancia &#8211; Munic\u00edpio de Abrantes (Vereador da Cultura: Lu\u00eds Dias)\nVice-Presid\u00eancia &#8211; Munic\u00edpio de Lisboa (Vereador da Cultura: Jo\u00e3o Diogo Santos Moura)\nVogal &#8211; Munic\u00edpio de Sesimbra (Presidente: Francisco de Jesus)\nVogal &#8211; Munic\u00edpio de Torres Vedras (Vereadora da Cultura: Ana Umbelino)\nVogal &#8211; Munic\u00edpio de Alcoba\u00e7a (Vereadora da Cultura: In\u00eas Silva)\n<strong>Mesa Assembleia-Geral<\/strong>\nPresid\u00eancia &#8211; Munic\u00edpio de Almada (Presidente: In\u00eas de Medeiros)\nVice-Presid\u00eancia &#8211; Munic\u00edpio de Palmela (Vereadora da Cultura: Maria Jo\u00e3o Camolas)\nVogal &#8211; Munic\u00edpio de Santar\u00e9m (Vereador da Cultura: Nuno Domingos)\n<strong>Conselho Fiscal<\/strong>\nPresid\u00eancia &#8211; Munic\u00edpio do Barreiro (Vereadora da Cultura: Sara Ferreira)\nVice-Presid\u00eancia &#8211; Munic\u00edpio de Alcanena (Vereadora da Cultura: Marlene Carvalho)\nVogal &#8211; Jos\u00e9 de Jesus Gon\u00e7alves Mendes (Revisor Oficial de Contas n\u00ba 833).\n\t\t\t\t<img loading=\"lazy\" decoding=\"async\" src=\"https:\/\/www.artemrede.pt\/wp-content\/uploads\/2022\/02\/IMG_20220203_112910-scaled.jpg\" alt=\"IMG_20220203_112910\" itemprop=\"image\" height=\"2560\" width=\"1920\" title=\"IMG_20220203_112910\" onerror=\"this.style.display='none'\">\n\t\t\t\t<img loading=\"lazy\" decoding=\"async\" src=\"https:\/\/www.artemrede.pt\/wp-content\/uploads\/2022\/02\/IMG_20220203_101545-scaled.jpg\" alt=\"IMG_20220203_101545\" itemprop=\"image\" height=\"1920\" width=\"2560\" title=\"IMG_20220203_101545\" onerror=\"this.style.display='none'\">\n\t\t\t\t<img loading=\"lazy\" decoding=\"async\" src=\"https:\/\/www.artemrede.pt\/wp-content\/uploads\/2022\/02\/IMG_20220203_101824-scaled.jpg\" alt=\"IMG_20220203_101824\" itemprop=\"image\" height=\"1280\" width=\"2560\" title=\"IMG_20220203_101824\" onerror=\"this.style.display='none'\">\n\t\t\t\t<img loading=\"lazy\" decoding=\"async\" src=\"https:\/\/www.artemrede.pt\/wp-content\/uploads\/2022\/02\/IMG_20220203_113113-scaled.jpg\" alt=\"IMG_20220203_113113\" itemprop=\"image\" height=\"1280\" width=\"2560\" title=\"IMG_20220203_113113\" onerror=\"this.style.display='none'\">","protected":false},"excerpt":{"rendered":"<div class=\"entry-summary\">\n<div class=\"entry-summary\">\nPara desafios renovados, novos rostos. A Assembleia Geral da Artemrede reuniu hoje para elei\u00e7\u00e3o de novos \u00f3rg\u00e3os sociais e apresenta\u00e7\u00e3o do Plano de Atividades e Or\u00e7amento para 2022. Foram eleitos, por unanimidade, novos \u00f3rg\u00e3os sociais que coordenar\u00e3o a associa\u00e7\u00e3o nos&hellip;\n<\/div>\n<div class=\"link-more\"><a href=\"https:\/\/www.artemrede.pt\/en\/2022\/02\/03\/novos-orgaos-sociais\/\" class=\"more-link\">Continue reading<span class=\"screen-reader-text\"> &ldquo;Artemrede tem novos \u00f3rg\u00e3os sociais&rdquo;<\/span>&hellip;<\/a><\/div>\n<\/div>\n<div class=\"link-more\"><a href=\"https:\/\/www.artemrede.pt\/en\/2022\/02\/03\/novos-orgaos-sociais\/\" class=\"more-link\">Continue reading<span class=\"screen-reader-text\"> &ldquo;Artemrede tem novos \u00f3rg\u00e3os sociais&rdquo;<\/span>&hellip;<\/a><\/div>","protected":false},"author":2,"featured_media":3056,"comment_status":"closed","ping_status":"closed","sticky":false,"template":"templates\/no-intro.php","format":"standard","meta":{"om_disable_all_campaigns":false,"_monsterinsights_skip_tracking":false,"_monsterinsights_sitenote_active":false,"_monsterinsights_sitenote_note":"","_monsterinsights_sitenote_category":0,"footnotes":""},"categories":[106,1],"tags":[],"class_list":["post-3055","post","type-post","status-publish","format-standard","has-post-thumbnail","hentry","category-projetos-coop","category-sem-categoria","entry"],"aioseo_notices":[],"uagb_featured_image_src":{"full":["https:\/\/www.artemrede.pt\/wp-content\/uploads\/2022\/02\/IMG_20220203_115108-scaled.jpg",2560,1280,false],"thumbnail":["https:\/\/www.artemrede.pt\/wp-content\/uploads\/2022\/02\/IMG_20220203_115108-480x270.jpg",480,270,true],"medium":["https:\/\/www.artemrede.pt\/wp-content\/uploads\/2022\/02\/IMG_20220203_115108-744x372.jpg",744,372,true],"medium_large":["https:\/\/www.artemrede.pt\/wp-content\/uploads\/2022\/02\/IMG_20220203_115108-1200x600.jpg",1200,600,true],"large":["https:\/\/www.artemrede.pt\/wp-content\/uploads\/2022\/02\/IMG_20220203_115108-1200x600.jpg",1200,600,true],"1536x1536":["https:\/\/www.artemrede.pt\/wp-content\/uploads\/2022\/02\/IMG_20220203_115108-1536x768.jpg",1536,768,true],"2048x2048":["https:\/\/www.artemrede.pt\/wp-content\/uploads\/2022\/02\/IMG_20220203_115108-2048x1024.jpg",2048,1024,true],"trp-custom-language-flag":["https:\/\/www.artemrede.pt\/wp-content\/uploads\/2022\/02\/IMG_20220203_115108-16x8.jpg",16,8,true],"icelander-thumbnail":["https:\/\/www.artemrede.pt\/wp-content\/uploads\/2022\/02\/IMG_20220203_115108-744x372.jpg",744,372,true],"icelander-square":["https:\/\/www.artemrede.pt\/wp-content\/uploads\/2022\/02\/IMG_20220203_115108-448x448.jpg",448,448,true],"icelander-intro":["https:\/\/www.artemrede.pt\/wp-content\/uploads\/2022\/02\/IMG_20220203_115108-1920x1080.jpg",1920,1080,true]},"uagb_author_info":{"display_name":"Bruno Castro","author_link":"https:\/\/www.artemrede.pt\/en\/author\/artred_bruno\/"},"uagb_comment_info":0,"uagb_excerpt":"Para desafios renovados, novos rostos. A Assembleia Geral da Artemrede reuniu hoje para elei\u00e7\u00e3o de novos \u00f3rg\u00e3os sociais e apresenta\u00e7\u00e3o do Plano de Atividades e Or\u00e7amento para 2022. Foram eleitos, por unanimidade, novos \u00f3rg\u00e3os sociais que coordenar\u00e3o a associa\u00e7\u00e3o nos&hellip; Continue reading &ldquo;Artemrede tem novos \u00f3rg\u00e3os sociais&rdquo;&hellip;","_links":{"self":[{"href":"https:\/\/www.artemrede.pt\/en\/wp-json\/wp\/v2\/posts\/3055","targetHints":{"allow":["GET"]}}],"collection":[{"href":"https:\/\/www.artemrede.pt\/en\/wp-json\/wp\/v2\/posts"}],"about":[{"href":"https:\/\/www.artemrede.pt\/en\/wp-json\/wp\/v2\/types\/post"}],"author":[{"embeddable":true,"href":"https:\/\/www.artemrede.pt\/en\/wp-json\/wp\/v2\/users\/2"}],"replies":[{"embeddable":true,"href":"https:\/\/www.artemrede.pt\/en\/wp-json\/wp\/v2\/comments?post=3055"}],"version-history":[{"count":3,"href":"https:\/\/www.artemrede.pt\/en\/wp-json\/wp\/v2\/posts\/3055\/revisions"}],"predecessor-version":[{"id":3063,"href":"https:\/\/www.artemrede.pt\/en\/wp-json\/wp\/v2\/posts\/3055\/revisions\/3063"}],"wp:featuredmedia":[{"embeddable":true,"href":"https:\/\/www.artemrede.pt\/en\/wp-json\/wp\/v2\/media\/3056"}],"wp:attachment":[{"href":"https:\/\/www.artemrede.pt\/en\/wp-json\/wp\/v2\/media?parent=3055"}],"wp:term":[{"taxonomy":"category","embeddable":true,"href":"https:\/\/www.artemrede.pt\/en\/wp-json\/wp\/v2\/categories?post=3055"},{"taxonomy":"post_tag","embeddable":true,"href":"https:\/\/www.artemrede.pt\/en\/wp-json\/wp\/v2\/tags?post=3055"}],"curies":[{"name":"wp","href":"https:\/\/api.w.org\/{rel}","templated":true}]}}