{"id":2786,"date":"2021-08-16T15:53:19","date_gmt":"2021-08-16T15:53:19","guid":{"rendered":"https:\/\/www.artemrede.pt\/?p=2786"},"modified":"2021-08-16T16:58:12","modified_gmt":"2021-08-16T16:58:12","slug":"omiri","status":"publish","type":"post","link":"https:\/\/www.artemrede.pt\/en\/2021\/08\/16\/omiri\/","title":{"rendered":"OMIRI is one of the most original projects reinventing traditional Portuguese music."},"content":{"rendered":"<iframe loading=\"lazy\" title=\"OMIRI - &quot;Gloria&quot; live @ FBP\" width=\"1200\" height=\"675\" src=\"https:\/\/www.youtube.com\/embed\/ekX8eRI91t8?feature=oembed\" frameborder=\"0\" allow=\"accelerometer; autoplay; clipboard-write; encrypted-media; gyroscope; picture-in-picture\" allowfullscreen><\/iframe>\n\t\t\t\t<img decoding=\"async\" src=\"https:\/\/www.artemrede.pt\/wp-content\/plugins\/beaver-builder-lite-version\/img\/pixel.png\" alt=\"\" itemprop=\"image\" onerror=\"this.style.display='none'\"  \/>\n\t<h2>Este setembro e outubro o projeto de Vasco Casais habita os territ\u00f3rios de Pombal, Alcanena e Tomar.<\/h2>\n<p>Omiri \u00e9, acima de tudo, remix, a cultura do s\u00e9culo XXI, ao misturar num s\u00f3 espect\u00e1culo pr\u00e1ticas musicais j\u00e1 esquecidas, tornando-as perme\u00e1veis e acess\u00edveis \u00e0 cultura dos nossos dias, sincronizando formas e m\u00fasicas da nossa tradi\u00e7\u00e3o rural com a linguagem da cultura urbana.<\/p>\n<p>O m\u00fasico Vasco Casais apresenta OMIRI, integrado na programa\u00e7\u00e3o Artemrede, este setembro e outubro em Pombal (4 SET), Alcanena (10 SET, em confirma\u00e7\u00e3o) e Tomar (9 OUT).<\/p>\n<p>Imagens: Iolanda Pereira \/ Artemrede (grava\u00e7\u00f5es OMIRI em Tomar)<\/p>\n\t\t\t\t<img loading=\"lazy\" decoding=\"async\" src=\"https:\/\/www.artemrede.pt\/wp-content\/uploads\/2021\/08\/DSCF9449_short-scaled.jpg\" alt=\"DSCF9449_short\" itemprop=\"image\" height=\"1707\" width=\"2560\" title=\"DSCF9449_short\" onerror=\"this.style.display='none'\"  \/>\n\t\t\t\t<img loading=\"lazy\" decoding=\"async\" src=\"https:\/\/www.artemrede.pt\/wp-content\/uploads\/2021\/07\/DSCF9452-scaled.jpg\" alt=\"DSCF9452\" itemprop=\"image\" height=\"1707\" width=\"2560\" title=\"DSCF9452\" onerror=\"this.style.display='none'\"  \/>\n\t\t\t\t<img loading=\"lazy\" decoding=\"async\" src=\"https:\/\/www.artemrede.pt\/wp-content\/uploads\/2021\/08\/DSCF9462_short-scaled.jpg\" alt=\"DSCF9462_short\" itemprop=\"image\" height=\"1707\" width=\"2560\" title=\"DSCF9462_short\" onerror=\"this.style.display='none'\"  \/>\n\t\t\t\t<img loading=\"lazy\" decoding=\"async\" src=\"https:\/\/www.artemrede.pt\/wp-content\/uploads\/2021\/07\/DSCF9451-scaled.jpg\" alt=\"DSCF9451\" itemprop=\"image\" height=\"1707\" width=\"2560\" title=\"DSCF9451\" onerror=\"this.style.display='none'\"  \/>\n\t\t\t\t<img loading=\"lazy\" decoding=\"async\" src=\"https:\/\/www.artemrede.pt\/wp-content\/uploads\/2021\/08\/DSCF9518_short-scaled.jpg\" alt=\"DSCF9518_short\" itemprop=\"image\" height=\"1707\" width=\"2560\" title=\"DSCF9518_short\" onerror=\"this.style.display='none'\"  \/>\n\t\t\t\t<img loading=\"lazy\" decoding=\"async\" src=\"https:\/\/www.artemrede.pt\/wp-content\/uploads\/2021\/08\/DSCF9436-scaled.jpg\" alt=\"DSCF9436\" itemprop=\"image\" height=\"1707\" width=\"2560\" title=\"DSCF9436\" onerror=\"this.style.display='none'\"  \/>\n\t\t\t\t<img decoding=\"async\" src=\"https:\/\/www.artemrede.pt\/wp-content\/plugins\/beaver-builder-lite-version\/img\/pixel.png\" alt=\"\" itemprop=\"image\" onerror=\"this.style.display='none'\"  \/>","protected":false},"excerpt":{"rendered":"<div class=\"entry-summary\">\n<div class=\"entry-summary\">\nThis September and October Vasco Casais' project inhabits the territories of Pombal, Alcanena and Tomar. Omiri is, above all, remix, the culture of the XXI century, by mixing in a single show musical practices already forgotten, making them permeable and...\n<\/div>\n<div class=\"link-more\"><a href=\"https:\/\/www.artemrede.pt\/en\/2021\/08\/16\/omiri\/\" class=\"more-link\">Continue reading<span class=\"screen-reader-text\"> &ldquo;OMIRI \u00e9 um dos mais originais projetos de reinven\u00e7\u00e3o da m\u00fasica tradicional portuguesa.&rdquo;<\/span>&hellip;<\/a><\/div>\n<\/div>\n<div class=\"link-more\"><a href=\"https:\/\/www.artemrede.pt\/en\/2021\/08\/16\/omiri\/\" class=\"more-link\">Continue reading<span class=\"screen-reader-text\"> &ldquo;OMIRI \u00e9 um dos mais originais projetos de reinven\u00e7\u00e3o da m\u00fasica tradicional portuguesa.&rdquo;<\/span>&hellip;<\/a><\/div>","protected":false},"author":2,"featured_media":2797,"comment_status":"closed","ping_status":"closed","sticky":false,"template":"templates\/no-intro.php","format":"standard","meta":{"om_disable_all_campaigns":false,"_monsterinsights_skip_tracking":false,"_monsterinsights_sitenote_active":false,"_monsterinsights_sitenote_note":"","_monsterinsights_sitenote_category":0,"footnotes":""},"categories":[101,1],"tags":[149],"class_list":["post-2786","post","type-post","status-publish","format-standard","has-post-thumbnail","hentry","category-program","category-sem-categoria","tag-programacao","entry"],"aioseo_notices":[],"uagb_featured_image_src":{"full":["https:\/\/www.artemrede.pt\/wp-content\/uploads\/2021\/08\/2018-omiri-004michael-pohl-1500x835-1.jpeg",1500,835,false],"thumbnail":["https:\/\/www.artemrede.pt\/wp-content\/uploads\/2021\/08\/2018-omiri-004michael-pohl-1500x835-1-480x270.jpeg",480,270,true],"medium":["https:\/\/www.artemrede.pt\/wp-content\/uploads\/2021\/08\/2018-omiri-004michael-pohl-1500x835-1-744x414.jpeg",744,414,true],"medium_large":["https:\/\/www.artemrede.pt\/wp-content\/uploads\/2021\/08\/2018-omiri-004michael-pohl-1500x835-1-1200x668.jpeg",1200,668,true],"large":["https:\/\/www.artemrede.pt\/wp-content\/uploads\/2021\/08\/2018-omiri-004michael-pohl-1500x835-1-1200x668.jpeg",1200,668,true],"1536x1536":["https:\/\/www.artemrede.pt\/wp-content\/uploads\/2021\/08\/2018-omiri-004michael-pohl-1500x835-1.jpeg",1500,835,false],"2048x2048":["https:\/\/www.artemrede.pt\/wp-content\/uploads\/2021\/08\/2018-omiri-004michael-pohl-1500x835-1.jpeg",1500,835,false],"trp-custom-language-flag":["https:\/\/www.artemrede.pt\/wp-content\/uploads\/2021\/08\/2018-omiri-004michael-pohl-1500x835-1-16x9.jpeg",16,9,true],"icelander-thumbnail":["https:\/\/www.artemrede.pt\/wp-content\/uploads\/2021\/08\/2018-omiri-004michael-pohl-1500x835-1-744x372.jpeg",744,372,true],"icelander-square":["https:\/\/www.artemrede.pt\/wp-content\/uploads\/2021\/08\/2018-omiri-004michael-pohl-1500x835-1-448x448.jpeg",448,448,true],"icelander-intro":["https:\/\/www.artemrede.pt\/wp-content\/uploads\/2021\/08\/2018-omiri-004michael-pohl-1500x835-1.jpeg",1500,835,false]},"uagb_author_info":{"display_name":"Bruno Castro","author_link":"https:\/\/www.artemrede.pt\/en\/author\/artred_bruno\/"},"uagb_comment_info":0,"uagb_excerpt":"Este setembro e outubro o projeto de Vasco Casais habita os territ\u00f3rios de Pombal, Alcanena e Tomar. Omiri \u00e9, acima de tudo, remix, a cultura do s\u00e9culo XXI, ao misturar num s\u00f3 espect\u00e1culo pr\u00e1ticas musicais j\u00e1 esquecidas, tornando-as perme\u00e1veis e&hellip; Continue reading &ldquo;OMIRI \u00e9 um dos mais originais projetos de reinven\u00e7\u00e3o da m\u00fasica tradicional portuguesa.&rdquo;&hellip;","_links":{"self":[{"href":"https:\/\/www.artemrede.pt\/en\/wp-json\/wp\/v2\/posts\/2786","targetHints":{"allow":["GET"]}}],"collection":[{"href":"https:\/\/www.artemrede.pt\/en\/wp-json\/wp\/v2\/posts"}],"about":[{"href":"https:\/\/www.artemrede.pt\/en\/wp-json\/wp\/v2\/types\/post"}],"author":[{"embeddable":true,"href":"https:\/\/www.artemrede.pt\/en\/wp-json\/wp\/v2\/users\/2"}],"replies":[{"embeddable":true,"href":"https:\/\/www.artemrede.pt\/en\/wp-json\/wp\/v2\/comments?post=2786"}],"version-history":[{"count":7,"href":"https:\/\/www.artemrede.pt\/en\/wp-json\/wp\/v2\/posts\/2786\/revisions"}],"predecessor-version":[{"id":2807,"href":"https:\/\/www.artemrede.pt\/en\/wp-json\/wp\/v2\/posts\/2786\/revisions\/2807"}],"wp:featuredmedia":[{"embeddable":true,"href":"https:\/\/www.artemrede.pt\/en\/wp-json\/wp\/v2\/media\/2797"}],"wp:attachment":[{"href":"https:\/\/www.artemrede.pt\/en\/wp-json\/wp\/v2\/media?parent=2786"}],"wp:term":[{"taxonomy":"category","embeddable":true,"href":"https:\/\/www.artemrede.pt\/en\/wp-json\/wp\/v2\/categories?post=2786"},{"taxonomy":"post_tag","embeddable":true,"href":"https:\/\/www.artemrede.pt\/en\/wp-json\/wp\/v2\/tags?post=2786"}],"curies":[{"name":"wp","href":"https:\/\/api.w.org\/{rel}","templated":true}]}}