{"id":2026,"date":"2020-10-03T14:08:42","date_gmt":"2020-10-03T14:08:42","guid":{"rendered":"https:\/\/www.artemrede.pt\/?p=2026"},"modified":"2020-10-19T10:53:23","modified_gmt":"2020-10-19T10:53:23","slug":"festival-manobras-invade-o-outono-2020","status":"publish","type":"post","link":"https:\/\/www.artemrede.pt\/en\/2020\/10\/03\/festival-manobras-invade-o-outono-2020\/","title":{"rendered":"Manobras Festival returns in double"},"content":{"rendered":"<meta itemprop=\"url\" content=\"https:\/\/www.artemrede.pt\/wp-content\/uploads\/2020\/09\/Manobras_spot_Outono2020_final.mp4\"><div style=\"width: 640px;\" class=\"wp-video\"><video class=\"wp-video-shortcode\" id=\"video-2026-1\" width=\"640\" height=\"360\" preload=\"metadata\" controls=\"controls\"><source type=\"video\/mp4\" src=\"https:\/\/www.artemrede.pt\/wp-content\/uploads\/2020\/09\/Manobras_spot_Outono2020_final.mp4?_=1\" \/><a href=\"https:\/\/www.artemrede.pt\/wp-content\/uploads\/2020\/09\/Manobras_spot_Outono2020_final.mp4\">https:\/\/www.artemrede.pt\/wp-content\/uploads\/2020\/09\/Manobras_spot_Outono2020_final.mp4<\/a><\/video><\/div>\n\t<h3><strong>A iniciativa apresenta-se agora no outono de 2020 e na primavera de 2021, assegurando programa\u00e7\u00e3o cultural em 15 territ\u00f3rios<\/strong><\/h3>\n<p>A quarta edi\u00e7\u00e3o do Manobras \u2013 Festival Internacional de Marionetas e Formas Animadas \u2013 decorre no outono desde ano e na primavera de 2021, num modelo que assegura mais programa\u00e7\u00e3o em 15 territ\u00f3rios. Assumindo uma atitude corajosa de avan\u00e7ar com espet\u00e1culos em dois momentos distintos, o evento aposta muito em projetos art\u00edsticos em espa\u00e7os n\u00e3o convencionais, dando a conhecer propostas que mobilizam as popula\u00e7\u00f5es com toda a seguran\u00e7a.<\/p>\n<p>A programa\u00e7\u00e3o acontece numa primeira fase de 12 de setembro a 31 de outubro, com iniciativas em Abrantes, Alcanena, Barreiro, Montemor-o-Novo, Moita, Montijo, Palmela, Pombal, Sesimbra, Sobral de Monte Agra\u00e7o e Tomar. O festival contar\u00e1 nesta primeira fase com 27 apresenta\u00e7\u00f5es. Descubram tudo em <a href=\"http:\/\/www.manobras.pt\">www.manobras.pt&nbsp;<\/a><\/p>","protected":false},"excerpt":{"rendered":"<div class=\"entry-summary\">\n<div class=\"entry-summary\">\nThe fourth edition of Manobras - International Festival of Puppets and Animated Forms is now presented in the fall of 2020 and in the spring 2021, ensuring cultural programming in 15 territories.\n<\/div>\n<div class=\"link-more\"><a href=\"https:\/\/www.artemrede.pt\/en\/2020\/10\/03\/festival-manobras-invade-o-outono-2020\/\" class=\"more-link\">Continue reading<span class=\"screen-reader-text\"> &ldquo;Festival Manobras regressa a dobrar&rdquo;<\/span>&hellip;<\/a><\/div>\n<\/div>\n<div class=\"link-more\"><a href=\"https:\/\/www.artemrede.pt\/en\/2020\/10\/03\/festival-manobras-invade-o-outono-2020\/\" class=\"more-link\">Continue reading<span class=\"screen-reader-text\"> &ldquo;Festival Manobras regressa a dobrar&rdquo;<\/span>&hellip;<\/a><\/div>","protected":false},"author":2,"featured_media":1892,"comment_status":"closed","ping_status":"closed","sticky":false,"template":"templates\/no-intro.php","format":"standard","meta":{"om_disable_all_campaigns":false,"_monsterinsights_skip_tracking":false,"_monsterinsights_sitenote_active":false,"_monsterinsights_sitenote_note":"","_monsterinsights_sitenote_category":0,"footnotes":""},"categories":[101,1],"tags":[150,149],"class_list":["post-2026","post","type-post","status-publish","format-standard","has-post-thumbnail","hentry","category-program","category-sem-categoria","tag-manobras","tag-programacao","entry"],"aioseo_notices":[],"uagb_featured_image_src":{"full":["https:\/\/www.artemrede.pt\/wp-content\/uploads\/2020\/09\/facebook-capa_1958x745_4Manobras_20-01-scaled-e1601734327622.jpg",2099,972,false],"thumbnail":["https:\/\/www.artemrede.pt\/wp-content\/uploads\/2020\/09\/facebook-capa_1958x745_4Manobras_20-01-scaled-e1601734327622-480x270.jpg",480,270,true],"medium":["https:\/\/www.artemrede.pt\/wp-content\/uploads\/2020\/09\/facebook-capa_1958x745_4Manobras_20-01-scaled-e1601734327622-744x345.jpg",744,345,true],"medium_large":["https:\/\/www.artemrede.pt\/wp-content\/uploads\/2020\/09\/facebook-capa_1958x745_4Manobras_20-01-scaled-e1601734327622-1200x556.jpg",1200,556,true],"large":["https:\/\/www.artemrede.pt\/wp-content\/uploads\/2020\/09\/facebook-capa_1958x745_4Manobras_20-01-scaled-e1601734327622-1200x556.jpg",1200,556,true],"1536x1536":["https:\/\/www.artemrede.pt\/wp-content\/uploads\/2020\/09\/facebook-capa_1958x745_4Manobras_20-01-scaled-e1601734327622-1536x711.jpg",1536,711,true],"2048x2048":["https:\/\/www.artemrede.pt\/wp-content\/uploads\/2020\/09\/facebook-capa_1958x745_4Manobras_20-01-scaled-e1601734327622-2048x948.jpg",2048,948,true],"trp-custom-language-flag":["https:\/\/www.artemrede.pt\/wp-content\/uploads\/2020\/09\/facebook-capa_1958x745_4Manobras_20-01-scaled-e1601734327622.jpg",18,8,false],"icelander-thumbnail":["https:\/\/www.artemrede.pt\/wp-content\/uploads\/2020\/09\/facebook-capa_1958x745_4Manobras_20-01-scaled-e1601734327622-744x372.jpg",744,372,true],"icelander-square":["https:\/\/www.artemrede.pt\/wp-content\/uploads\/2020\/09\/facebook-capa_1958x745_4Manobras_20-01-scaled-e1601734327622-448x448.jpg",448,448,true],"icelander-intro":["https:\/\/www.artemrede.pt\/wp-content\/uploads\/2020\/09\/facebook-capa_1958x745_4Manobras_20-01-scaled-e1601734327622-1920x972.jpg",1920,972,true]},"uagb_author_info":{"display_name":"Bruno Castro","author_link":"https:\/\/www.artemrede.pt\/en\/author\/artred_bruno\/"},"uagb_comment_info":0,"uagb_excerpt":"A iniciativa apresenta-se agora no outono de 2020 e na primavera de 2021, assegurando programa\u00e7\u00e3o cultural em 15 territ\u00f3rios A quarta edi\u00e7\u00e3o do Manobras \u2013 Festival Internacional de Marionetas e Formas Animadas \u2013 decorre no outono desde ano e na&hellip; Continue reading &ldquo;Festival Manobras regressa a dobrar&rdquo;&hellip;","_links":{"self":[{"href":"https:\/\/www.artemrede.pt\/en\/wp-json\/wp\/v2\/posts\/2026","targetHints":{"allow":["GET"]}}],"collection":[{"href":"https:\/\/www.artemrede.pt\/en\/wp-json\/wp\/v2\/posts"}],"about":[{"href":"https:\/\/www.artemrede.pt\/en\/wp-json\/wp\/v2\/types\/post"}],"author":[{"embeddable":true,"href":"https:\/\/www.artemrede.pt\/en\/wp-json\/wp\/v2\/users\/2"}],"replies":[{"embeddable":true,"href":"https:\/\/www.artemrede.pt\/en\/wp-json\/wp\/v2\/comments?post=2026"}],"version-history":[{"count":7,"href":"https:\/\/www.artemrede.pt\/en\/wp-json\/wp\/v2\/posts\/2026\/revisions"}],"predecessor-version":[{"id":2033,"href":"https:\/\/www.artemrede.pt\/en\/wp-json\/wp\/v2\/posts\/2026\/revisions\/2033"}],"wp:featuredmedia":[{"embeddable":true,"href":"https:\/\/www.artemrede.pt\/en\/wp-json\/wp\/v2\/media\/1892"}],"wp:attachment":[{"href":"https:\/\/www.artemrede.pt\/en\/wp-json\/wp\/v2\/media?parent=2026"}],"wp:term":[{"taxonomy":"category","embeddable":true,"href":"https:\/\/www.artemrede.pt\/en\/wp-json\/wp\/v2\/categories?post=2026"},{"taxonomy":"post_tag","embeddable":true,"href":"https:\/\/www.artemrede.pt\/en\/wp-json\/wp\/v2\/tags?post=2026"}],"curies":[{"name":"wp","href":"https:\/\/api.w.org\/{rel}","templated":true}]}}