{"id":1812,"date":"2020-08-02T22:54:25","date_gmt":"2020-08-02T22:54:25","guid":{"rendered":"https:\/\/www.artemrede.pt\/?p=1812"},"modified":"2020-08-17T10:32:52","modified_gmt":"2020-08-17T10:32:52","slug":"raquel-andre-bespectactive","status":"publish","type":"post","link":"https:\/\/www.artemrede.pt\/en\/2020\/08\/02\/raquel-andre-bespectactive\/","title":{"rendered":"&#8220;N\u00e3o serei eu mulher?&#8221;, de Cristina Carvalhal e Raquel Andr\u00e9, \u00e9 a nova coprodu\u00e7\u00e3o BeSpectACTive!"},"content":{"rendered":"<p>O nosso futuro tem a voz de mulheres. A nova coprodu\u00e7\u00e3o Artemrede, no contexto do projeto europeu BeSpectACTive!, ser\u00e1 &#8220;N\u00e3o serei eu mulher?&#8221;, de Cristina Carvalhal e Raquel Andr\u00e9, a estrear em mar\u00e7o de 2022. De entre 90 candidaturas iniciais, a equipa da Artemrede e os programadores de Pombal, Sesimbra e Lisboa selecionaram 10 propostas, que tiveram ainda a avalia\u00e7\u00e3o dos grupos de Vision\u00e1rios (espectadores ativos) dos tr\u00eas munic\u00edpios. As cinco propostas melhor classificadas foram apresentadas aos parceiros internacionais BeSpectACTive! em formato pitch, que tiveram oportunidade para assim conhecer os artistas e colocar quest\u00f5es sobre os projetos. No final os parceiros optaram pela proposta das duas artistas portuguesas, que prop\u00f5e &#8220;um levantamento de hist\u00f3rias de discrimina\u00e7\u00e3o com base no g\u00e9nero, em diferentes comunidades, para a elabora\u00e7\u00e3o de um espect\u00e1culo&#8221;. O t\u00edtulo provis\u00f3rio \u00e9 retirado do livro hom\u00f3nimo de bell hooks e o espet\u00e1culo ser\u00e1 coproduzido pela Artemrede e pelas organiza\u00e7\u00f5es Teatrul National Radu Stanca (Sibiu, Rom\u00e9nia), BUDA (Kortrijk, B\u00e9lgica) e Domino (Zagreb, Cro\u00e1cia).<\/p>\n\t\t\t\t<img loading=\"lazy\" decoding=\"async\" src=\"https:\/\/www.artemrede.pt\/wp-content\/uploads\/2020\/08\/bell_hooks_capa.jpg\" alt=\"retrato de bell hooks\" itemprop=\"image\" height=\"400\" width=\"850\" title=\"bell_hooks_capa\" onerror=\"this.style.display='none'\"  \/>\n\t\t\t\t<img loading=\"lazy\" decoding=\"async\" src=\"https:\/\/www.artemrede.pt\/wp-content\/uploads\/2020\/08\/Raquel-Andre\u0301-scaled.jpg\" alt=\"Raquel Andre\u0301\" itemprop=\"image\" height=\"1710\" width=\"2560\" title=\"Raquel Andre\u0301\" onerror=\"this.style.display='none'\"  \/>","protected":false},"excerpt":{"rendered":"<div class=\"entry-summary\">\n<div class=\"entry-summary\">\nO nosso futuro tem a voz de mulheres. A nova coprodu\u00e7\u00e3o Artemrede, no contexto do projeto europeu BeSpectACTive!, ser\u00e1 &#8220;N\u00e3o serei eu mulher?&#8221;, de Cristina Carvalhal e Raquel Andr\u00e9, a estrear em mar\u00e7o de 2022. De entre 90 candidaturas iniciais,&hellip;\n<\/div>\n<div class=\"link-more\"><a href=\"https:\/\/www.artemrede.pt\/en\/2020\/08\/02\/raquel-andre-bespectactive\/\" class=\"more-link\">Continue reading<span class=\"screen-reader-text\"> &ldquo;&#8220;N\u00e3o serei eu mulher?&#8221;, de Cristina Carvalhal e Raquel Andr\u00e9, \u00e9 a nova coprodu\u00e7\u00e3o BeSpectACTive!&rdquo;<\/span>&hellip;<\/a><\/div>\n<\/div>\n<div class=\"link-more\"><a href=\"https:\/\/www.artemrede.pt\/en\/2020\/08\/02\/raquel-andre-bespectactive\/\" class=\"more-link\">Continue reading<span class=\"screen-reader-text\"> &ldquo;&#8220;N\u00e3o serei eu mulher?&#8221;, de Cristina Carvalhal e Raquel Andr\u00e9, \u00e9 a nova coprodu\u00e7\u00e3o BeSpectACTive!&rdquo;<\/span>&hellip;<\/a><\/div>","protected":false},"author":2,"featured_media":1814,"comment_status":"open","ping_status":"open","sticky":false,"template":"","format":"standard","meta":{"om_disable_all_campaigns":false,"_monsterinsights_skip_tracking":false,"_monsterinsights_sitenote_active":false,"_monsterinsights_sitenote_note":"","_monsterinsights_sitenote_category":0,"footnotes":""},"categories":[106],"tags":[105],"class_list":["post-1812","post","type-post","status-publish","format-standard","has-post-thumbnail","hentry","category-projetos-coop","tag-bespectactive","entry"],"aioseo_notices":[],"uagb_featured_image_src":{"full":["https:\/\/www.artemrede.pt\/wp-content\/uploads\/2020\/08\/bell_hooks_capa.jpg",850,400,false],"thumbnail":["https:\/\/www.artemrede.pt\/wp-content\/uploads\/2020\/08\/bell_hooks_capa-480x270.jpg",480,270,true],"medium":["https:\/\/www.artemrede.pt\/wp-content\/uploads\/2020\/08\/bell_hooks_capa-744x350.jpg",744,350,true],"medium_large":["https:\/\/www.artemrede.pt\/wp-content\/uploads\/2020\/08\/bell_hooks_capa.jpg",850,400,false],"large":["https:\/\/www.artemrede.pt\/wp-content\/uploads\/2020\/08\/bell_hooks_capa.jpg",850,400,false],"1536x1536":["https:\/\/www.artemrede.pt\/wp-content\/uploads\/2020\/08\/bell_hooks_capa.jpg",850,400,false],"2048x2048":["https:\/\/www.artemrede.pt\/wp-content\/uploads\/2020\/08\/bell_hooks_capa.jpg",850,400,false],"trp-custom-language-flag":["https:\/\/www.artemrede.pt\/wp-content\/uploads\/2020\/08\/bell_hooks_capa.jpg",18,8,false],"icelander-thumbnail":["https:\/\/www.artemrede.pt\/wp-content\/uploads\/2020\/08\/bell_hooks_capa-744x372.jpg",744,372,true],"icelander-square":["https:\/\/www.artemrede.pt\/wp-content\/uploads\/2020\/08\/bell_hooks_capa-448x400.jpg",448,400,true],"icelander-intro":["https:\/\/www.artemrede.pt\/wp-content\/uploads\/2020\/08\/bell_hooks_capa.jpg",850,400,false]},"uagb_author_info":{"display_name":"Bruno Castro","author_link":"https:\/\/www.artemrede.pt\/en\/author\/artred_bruno\/"},"uagb_comment_info":0,"uagb_excerpt":"O nosso futuro tem a voz de mulheres. A nova coprodu\u00e7\u00e3o Artemrede, no contexto do projeto europeu BeSpectACTive!, ser\u00e1 &#8220;N\u00e3o serei eu mulher?&#8221;, de Cristina Carvalhal e Raquel Andr\u00e9, a estrear em mar\u00e7o de 2022. De entre 90 candidaturas iniciais,&hellip; Continue reading &ldquo;&#8220;N\u00e3o serei eu mulher?&#8221;, de Cristina Carvalhal e Raquel Andr\u00e9, \u00e9 a nova&hellip;","_links":{"self":[{"href":"https:\/\/www.artemrede.pt\/en\/wp-json\/wp\/v2\/posts\/1812","targetHints":{"allow":["GET"]}}],"collection":[{"href":"https:\/\/www.artemrede.pt\/en\/wp-json\/wp\/v2\/posts"}],"about":[{"href":"https:\/\/www.artemrede.pt\/en\/wp-json\/wp\/v2\/types\/post"}],"author":[{"embeddable":true,"href":"https:\/\/www.artemrede.pt\/en\/wp-json\/wp\/v2\/users\/2"}],"replies":[{"embeddable":true,"href":"https:\/\/www.artemrede.pt\/en\/wp-json\/wp\/v2\/comments?post=1812"}],"version-history":[{"count":6,"href":"https:\/\/www.artemrede.pt\/en\/wp-json\/wp\/v2\/posts\/1812\/revisions"}],"predecessor-version":[{"id":1857,"href":"https:\/\/www.artemrede.pt\/en\/wp-json\/wp\/v2\/posts\/1812\/revisions\/1857"}],"wp:featuredmedia":[{"embeddable":true,"href":"https:\/\/www.artemrede.pt\/en\/wp-json\/wp\/v2\/media\/1814"}],"wp:attachment":[{"href":"https:\/\/www.artemrede.pt\/en\/wp-json\/wp\/v2\/media?parent=1812"}],"wp:term":[{"taxonomy":"category","embeddable":true,"href":"https:\/\/www.artemrede.pt\/en\/wp-json\/wp\/v2\/categories?post=1812"},{"taxonomy":"post_tag","embeddable":true,"href":"https:\/\/www.artemrede.pt\/en\/wp-json\/wp\/v2\/tags?post=1812"}],"curies":[{"name":"wp","href":"https:\/\/api.w.org\/{rel}","templated":true}]}}