{"id":1769,"date":"2020-08-02T19:26:07","date_gmt":"2020-08-02T19:26:07","guid":{"rendered":"https:\/\/www.artemrede.pt\/?p=1769"},"modified":"2021-02-03T16:04:39","modified_gmt":"2021-02-03T16:04:39","slug":"nova-temporada-aviso","status":"publish","type":"post","link":"https:\/\/www.artemrede.pt\/en\/2020\/08\/02\/nova-temporada-aviso\/","title":{"rendered":"Convocat\u00f3ria nova temporada 2021\/2022"},"content":{"rendered":"<p>A programa\u00e7\u00e3o da Artemrede come\u00e7a usualmente em julho: acolhemos todas as propostas de cria\u00e7\u00e3o art\u00edstica, numa convocat\u00f3ria aberta a artistas e companhias nacionais e internacionais. Um processo transparente, motivador da participa\u00e7\u00e3o e sempre com o foco numa programa\u00e7\u00e3o em rede diversa e emocionante.<\/p>\n<p>Em 2020 o processo ser\u00e1 o mesmo mas com outro tempo. Em virtude do contexto pand\u00e9mico, muitas das apresenta\u00e7\u00f5es previstas na temporada 2020\/2021 foram reagendadas e isso tem implica\u00e7\u00f5es na constru\u00e7\u00e3o da nova temporada.<\/p>\n<p>Assim, <mark>a convocat\u00f3ria para cria\u00e7\u00f5es art\u00edsticas a apresentar na nova temporada (2021\/2022) decorrer\u00e1 de 1 a 31 de outubro 2020.<\/mark><\/p>\n<p>O processo ser\u00e1 semelhante: todos os artistas e companhias dever\u00e3o apresentar a sua proposta art\u00edstica num formul\u00e1rio pr\u00f3prio, a disponibilizar online como em anos anteriores.<\/p>\n<p>Como sempre, qualquer quest\u00e3o podem contactar-nos por email para artemrede [at] artemrede.pt<\/p>\n\t<h3><mark><strong>Convocat\u00f3ria nova temporada<\/strong><\/mark><\/h3>\n<p><strong>1 A 31 OUTUBRO 2020<\/strong><\/p>","protected":false},"excerpt":{"rendered":"<div class=\"entry-summary\">\n<div class=\"entry-summary\">\nA programa\u00e7\u00e3o da Artemrede come\u00e7a usualmente em julho: acolhemos todas as propostas de cria\u00e7\u00e3o art\u00edstica, numa convocat\u00f3ria aberta a artistas e companhias nacionais e internacionais. Um processo transparente, motivador da participa\u00e7\u00e3o e sempre com o foco numa programa\u00e7\u00e3o em rede&hellip;\n<\/div>\n<div class=\"link-more\"><a href=\"https:\/\/www.artemrede.pt\/en\/2020\/08\/02\/nova-temporada-aviso\/\" class=\"more-link\">Continue reading<span class=\"screen-reader-text\"> &ldquo;Convocat\u00f3ria nova temporada 2021\/2022&rdquo;<\/span>&hellip;<\/a><\/div>\n<\/div>\n<div class=\"link-more\"><a href=\"https:\/\/www.artemrede.pt\/en\/2020\/08\/02\/nova-temporada-aviso\/\" class=\"more-link\">Continue reading<span class=\"screen-reader-text\"> &ldquo;Convocat\u00f3ria nova temporada 2021\/2022&rdquo;<\/span>&hellip;<\/a><\/div>","protected":false},"author":2,"featured_media":1685,"comment_status":"open","ping_status":"open","sticky":false,"template":"","format":"standard","meta":{"om_disable_all_campaigns":false,"_monsterinsights_skip_tracking":false,"_monsterinsights_sitenote_active":false,"_monsterinsights_sitenote_note":"","_monsterinsights_sitenote_category":0,"footnotes":""},"categories":[101],"tags":[103],"class_list":["post-1769","post","type-post","status-publish","format-standard","has-post-thumbnail","hentry","category-program","tag-nova-temporada","entry"],"aioseo_notices":[],"uagb_featured_image_src":{"full":["https:\/\/www.artemrede.pt\/wp-content\/uploads\/2020\/07\/FRIDA_\u00a9Estelle-Valente-48-scaled-e1596024722204.jpg",2160,1215,false],"thumbnail":["https:\/\/www.artemrede.pt\/wp-content\/uploads\/2020\/07\/FRIDA_\u00a9Estelle-Valente-48-scaled-e1596024722204-480x270.jpg",480,270,true],"medium":["https:\/\/www.artemrede.pt\/wp-content\/uploads\/2020\/07\/FRIDA_\u00a9Estelle-Valente-48-scaled-e1596024722204-744x419.jpg",744,419,true],"medium_large":["https:\/\/www.artemrede.pt\/wp-content\/uploads\/2020\/07\/FRIDA_\u00a9Estelle-Valente-48-scaled-e1596024722204-1200x675.jpg",1200,675,true],"large":["https:\/\/www.artemrede.pt\/wp-content\/uploads\/2020\/07\/FRIDA_\u00a9Estelle-Valente-48-scaled-e1596024722204-1200x675.jpg",1200,675,true],"1536x1536":["https:\/\/www.artemrede.pt\/wp-content\/uploads\/2020\/07\/FRIDA_\u00a9Estelle-Valente-48-scaled-e1596024722204-1536x864.jpg",1536,864,true],"2048x2048":["https:\/\/www.artemrede.pt\/wp-content\/uploads\/2020\/07\/FRIDA_\u00a9Estelle-Valente-48-scaled-e1596024722204-2048x1152.jpg",2048,1152,true],"trp-custom-language-flag":["https:\/\/www.artemrede.pt\/wp-content\/uploads\/2020\/07\/FRIDA_\u00a9Estelle-Valente-48-scaled-e1596024722204.jpg",18,10,false],"icelander-thumbnail":["https:\/\/www.artemrede.pt\/wp-content\/uploads\/2020\/07\/FRIDA_\u00a9Estelle-Valente-48-scaled-e1596024722204-744x372.jpg",744,372,true],"icelander-square":["https:\/\/www.artemrede.pt\/wp-content\/uploads\/2020\/07\/FRIDA_\u00a9Estelle-Valente-48-scaled-e1596024722204-448x448.jpg",448,448,true],"icelander-intro":["https:\/\/www.artemrede.pt\/wp-content\/uploads\/2020\/07\/FRIDA_\u00a9Estelle-Valente-48-scaled-e1596024722204-1920x1080.jpg",1920,1080,true]},"uagb_author_info":{"display_name":"Bruno Castro","author_link":"https:\/\/www.artemrede.pt\/en\/author\/artred_bruno\/"},"uagb_comment_info":0,"uagb_excerpt":"A programa\u00e7\u00e3o da Artemrede come\u00e7a usualmente em julho: acolhemos todas as propostas de cria\u00e7\u00e3o art\u00edstica, numa convocat\u00f3ria aberta a artistas e companhias nacionais e internacionais. Um processo transparente, motivador da participa\u00e7\u00e3o e sempre com o foco numa programa\u00e7\u00e3o em rede&hellip; Continue reading &ldquo;Convocat\u00f3ria nova temporada 2021\/2022&rdquo;&hellip;","_links":{"self":[{"href":"https:\/\/www.artemrede.pt\/en\/wp-json\/wp\/v2\/posts\/1769","targetHints":{"allow":["GET"]}}],"collection":[{"href":"https:\/\/www.artemrede.pt\/en\/wp-json\/wp\/v2\/posts"}],"about":[{"href":"https:\/\/www.artemrede.pt\/en\/wp-json\/wp\/v2\/types\/post"}],"author":[{"embeddable":true,"href":"https:\/\/www.artemrede.pt\/en\/wp-json\/wp\/v2\/users\/2"}],"replies":[{"embeddable":true,"href":"https:\/\/www.artemrede.pt\/en\/wp-json\/wp\/v2\/comments?post=1769"}],"version-history":[{"count":11,"href":"https:\/\/www.artemrede.pt\/en\/wp-json\/wp\/v2\/posts\/1769\/revisions"}],"predecessor-version":[{"id":1864,"href":"https:\/\/www.artemrede.pt\/en\/wp-json\/wp\/v2\/posts\/1769\/revisions\/1864"}],"wp:featuredmedia":[{"embeddable":true,"href":"https:\/\/www.artemrede.pt\/en\/wp-json\/wp\/v2\/media\/1685"}],"wp:attachment":[{"href":"https:\/\/www.artemrede.pt\/en\/wp-json\/wp\/v2\/media?parent=1769"}],"wp:term":[{"taxonomy":"category","embeddable":true,"href":"https:\/\/www.artemrede.pt\/en\/wp-json\/wp\/v2\/categories?post=1769"},{"taxonomy":"post_tag","embeddable":true,"href":"https:\/\/www.artemrede.pt\/en\/wp-json\/wp\/v2\/tags?post=1769"}],"curies":[{"name":"wp","href":"https:\/\/api.w.org\/{rel}","templated":true}]}}